{"id":2972,"date":"2022-08-25T20:47:04","date_gmt":"2022-08-25T18:47:04","guid":{"rendered":"https:\/\/saveoder.org\/?p=2972"},"modified":"2023-02-10T21:00:41","modified_gmt":"2023-02-10T20:00:41","slug":"co-vime-o-otrave-polske-odry","status":"publish","type":"post","link":"https:\/\/saveoder.org\/cs\/co-vime-o-otrave-polske-odry\/","title":{"rendered":"Co v\u00edme o otrav\u011b polsk\u00e9 Odry?"},"content":{"rendered":"\n<p><strong>Od 26. \u010dervence dodnes pokra\u010duj\u00ed masov\u00e9 \u00fahyny ryb na Od\u0159e. Prvn\u00ed z nich byl pozorov\u00e1n u m\u011bsta O\u0142awa zhruba 20 km jihov\u00fdchod\u011b od Wroclawi. 11. srpna byly \u00fahyny ryb zaznamen\u00e1ny i v N\u011bmecku, ve spolkov\u00e9 zemi Braniborsko a 12. srpna u \u00fast\u00ed Odry ve \u0160t\u011bt\u00edn\u011b.<\/strong><\/p>\n\n\n\n<figure class=\"wp-block-image size-full\"><img decoding=\"async\" width=\"658\" height=\"552\" src=\"https:\/\/saveoder.org\/wp-content\/uploads\/2022\/08\/19_male.jpg\" alt=\"Martwe ryby\" class=\"wp-image-2893\" srcset=\"https:\/\/saveoder.org\/wp-content\/uploads\/2022\/08\/19_male.jpg 658w, https:\/\/saveoder.org\/wp-content\/uploads\/2022\/08\/19_male-300x252.jpg 300w\" sizes=\"(max-width: 658px) 100vw, 658px\" \/><figcaption class=\"wp-element-caption\">Martwe ryby<\/figcaption><\/figure>\n\n\n\n<p>P\u0159\u00ed\u010dina otravy je\u0161t\u011b nen\u00ed zn\u00e1ma. Spekulovalo se o otrav\u011b rtut\u00ed, mesitylenem (l\u00e1tka pou\u017e\u00edvan\u00e1 p\u0159i v\u00fdrob\u011b barev). Laborato\u0159e zjistily nezvykle vysok\u00fd obsah soli ve vod\u011b, a ve \u010dtvrtek 18. srpna byl ozn\u00e1men n\u00e1lez mikroorganism\u016f Prymnesium parvum. Tato mikro\u0159asa produkuje toxin nebezpe\u010dn\u00fd zejm\u00e9na pro ryby a m\u011bkk\u00fd\u0161e. Tato \u0159asa se vyskytuje zejm\u00e9na v brakick\u00fdch vod\u00e1ch a pr\u00e1v\u011b vysok\u00e1 salinita mohla p\u0159isp\u011bt k jej\u00edmu rozmno\u017een\u00ed v Od\u0159e. Zda je skute\u010dnou p\u0159\u00ed\u010dinou otravy, v\u0161ak dosud nebylo prok\u00e1z\u00e1no.<\/p>\n\n\n\n<p>Od 20. srpna je v doln\u00ed \u010d\u00e1sti Odry pozorov\u00e1n prudk\u00fd \u00fabytek kysl\u00edku \u2013 ryby se dus\u00ed. P\u0159\u00ed\u010dinou je \u00fabytek kysl\u00edku spot\u0159ebovan\u00e9ho p\u0159i rozkladu mrtv\u00fdch organism\u016f. Ryb\u00e1\u0159i a m\u00edstn\u00ed obyvatel\u00e9 se pokou\u0161ej\u00ed vodu provzdu\u0161nit.<\/p>\n\n\n\n<p>Ani kdyby v\u0161ak byla p\u0159\u00ed\u010dinou \u00fahyn\u016f ryb tato \u0159asa, neznamen\u00e1 to, \u017ee je v tom \u010dlov\u011bk nevinn\u011b. Vysok\u00e1 salinita byla zp\u016fsobena z\u0159ejm\u011b kombinac\u00ed dvou skute\u010dnost\u00ed \u2013 neregulovan\u00fdm vypou\u0161t\u011bn\u00edm d\u016fln\u00edch a pr\u016fmyslov\u00fdch vod v kombinaci s n\u00edzk\u00fdm stavem vody, kter\u00e1 nedok\u00e1zala odpadn\u00ed vody dostate\u010dn\u011b na\u0159edit.<\/p>\n\n\n\n<p>Co v\u0161ak jednozna\u010dn\u011b bije do o\u010d\u00ed, je neschopnost a ne\u010dinnost st\u00e1tn\u00edch instituc\u00ed, a jejich snaha zam\u00e9st celou z\u00e1le\u017eitost pod koberec. Zejm\u00e9na se to t\u00fdk\u00e1 organizace maj\u00edc\u00ed na starosti spr\u00e1vu povod\u00ed (Wody Polskie) a gener\u00e1ln\u00ed inspekce \u017eivotn\u00edho prost\u0159ed\u00ed, kter\u00e9 p\u0159ipustily probl\u00e9m teprve po dvou t\u00fddnech od za\u010d\u00e1tku katastrofy. Polsk\u00e9 \u00fa\u0159ady v rozporu z mezin\u00e1rodn\u00edmi dohodami neupozornily sv\u00e9 n\u011bmeck\u00e9 prot\u011bj\u0161ky, kter\u00e9 byly m\u00edsto toho informov\u00e1ny m\u00edstn\u00edmi lidmi a ryb\u00e1\u0159sk\u00fdmi svazy.<\/p>\n\n\n\n<p>Podobn\u011b (ne)reagovala polsk\u00e1 vl\u00e1da. Selhala rovn\u011b\u017e zest\u00e1tn\u011bn\u00e1 m\u00e9dia. Nebyly vyu\u017eity v\u00fdstra\u017en\u00e9 syst\u00e9my, kter\u00e9 mohly nap\u0159. informovat obyvatele v okol\u00ed Odry prost\u0159ednictv\u00edm SMS, tak\u017ee je\u0161t\u011b t\u00fdden po za\u010d\u00e1tku katastrofy n\u011bkte\u0159\u00ed lid\u00e9 st\u00e1le je\u0161t\u011b ryba\u0159ili a odn\u00e1\u0161eli si uloven\u00e9 ryby dom\u016f.<\/p>\n\n\n\n<p>Novin\u00e1\u0159e po\u0161k\u00e1dlil p\u0159edseda strany Pr\u00e1vo a Spravedlnost Jaroslaw Kaczy\u0144ski, kter\u00fd b\u011bhem katastrofy p\u0159eru\u0161il dovolenou, aby promluvil \u2013 o dopl\u0148uj\u00edc\u00edch volb\u00e1ch ve m\u011bst\u011b Ruda \u015al\u0105ska. O Od\u0159e ani slovo.<\/p>\n\n\n\n<p>Ob\u010das se pt\u00e1me, zda je demokracie schopna \u00fa\u010dinn\u011b \u0159e\u0161it ekologick\u00e9 probl\u00e9my. Odpov\u011b\u010f nen\u00ed jist\u00e1. Jist\u00e9 v\u0161ak je, \u017ee re\u017eimy, kter\u00e9 demokratick\u00e9 principy oslabuj\u00ed, jsou na tom je\u0161t\u011b mnohem h\u016f\u0159. V\u017edycky je toti\u017e jednodu\u0161\u0161\u00ed probl\u00e9my pop\u00edrat, bagatelizovat nebo svalovat na jin\u00e9 ne\u017e je \u0159e\u0161it, m\u00e1te-li k tomu dostatek moci. Uv\u011bdom\u00ed si to za rok pol\u0161t\u00ed voli\u010di?<\/p>\n\n\n\n<p>Pramen: <a href=\"https:\/\/arnika.org\/novinky\/co-vime-o-otrave-polske-odry\">www.arnika.org<\/a><\/p>\n\n\n\n    <div id=\"puretextblock-block_a73af83b012a1259a99dbf71cb7e38db\" class=\"puretextblock_container\">\n      <div class=\"puretextblock_content\"><\/div>\n    <\/div>\n","protected":false},"excerpt":{"rendered":"<p>Od 26. \u010dervence dodnes pokra\u010duj\u00ed masov\u00e9 \u00fahyny ryb na Od\u0159e. Prvn\u00ed z nich byl pozorov\u00e1n u m\u011bsta O\u0142awa zhruba 20 km jihov\u00fdchod\u011b od Wroclawi.<\/p>\n","protected":false},"author":2,"featured_media":2893,"comment_status":"closed","ping_status":"closed","sticky":false,"template":"","format":"standard","meta":{"_acf_changed":false,"neve_meta_sidebar":"","neve_meta_container":"","neve_meta_enable_content_width":"","neve_meta_content_width":0,"neve_meta_title_alignment":"","neve_meta_author_avatar":"","neve_post_elements_order":"","neve_meta_disable_header":"","neve_meta_disable_footer":"","neve_meta_disable_title":"","neve_meta_reading_time":"","footnotes":""},"categories":[79],"tags":[106,100,107,97],"class_list":["post-2972","post","type-post","status-publish","format-standard","has-post-thumbnail","hentry","category-news-posting-cs","tag-biodiverzita","tag-dol","tag-polsko","tag-ramcova-smernice-o-vodach"],"acf":[],"yoast_head":"<!-- This site is optimized with the Yoast SEO plugin v27.3 - https:\/\/yoast.com\/product\/yoast-seo-wordpress\/ -->\n<title>Co v\u00edme o otrav\u011b polsk\u00e9 Odry? - SaveOder<\/title>\n<meta name=\"robots\" content=\"index, follow, max-snippet:-1, max-image-preview:large, max-video-preview:-1\" \/>\n<link rel=\"canonical\" href=\"https:\/\/saveoder.org\/cs\/co-vime-o-otrave-polske-odry\/\" \/>\n<meta property=\"og:locale\" content=\"cs_CZ\" \/>\n<meta property=\"og:type\" content=\"article\" \/>\n<meta property=\"og:title\" content=\"Co v\u00edme o otrav\u011b polsk\u00e9 Odry? - SaveOder\" \/>\n<meta property=\"og:description\" content=\"Od 26. \u010dervence dodnes pokra\u010duj\u00ed masov\u00e9 \u00fahyny ryb na Od\u0159e. Prvn\u00ed z nich byl pozorov\u00e1n u m\u011bsta O\u0142awa zhruba 20 km jihov\u00fdchod\u011b od Wroclawi.\" \/>\n<meta property=\"og:url\" content=\"https:\/\/saveoder.org\/cs\/co-vime-o-otrave-polske-odry\/\" \/>\n<meta property=\"og:site_name\" content=\"SaveOder\" \/>\n<meta property=\"article:published_time\" content=\"2022-08-25T18:47:04+00:00\" \/>\n<meta property=\"article:modified_time\" content=\"2023-02-10T20:00:41+00:00\" \/>\n<meta property=\"og:image\" content=\"https:\/\/saveoder.org\/wp-content\/uploads\/2022\/08\/19_male.jpg\" \/>\n\t<meta property=\"og:image:width\" content=\"658\" \/>\n\t<meta property=\"og:image:height\" content=\"552\" \/>\n\t<meta property=\"og:image:type\" content=\"image\/jpeg\" \/>\n<meta name=\"author\" content=\"Sascha Maier\" \/>\n<meta name=\"twitter:card\" content=\"summary_large_image\" \/>\n<meta name=\"twitter:label1\" content=\"Napsal(a)\" \/>\n\t<meta name=\"twitter:data1\" content=\"Sascha Maier\" \/>\n\t<meta name=\"twitter:label2\" content=\"Odhadovan\u00e1 doba \u010dten\u00ed\" \/>\n\t<meta name=\"twitter:data2\" content=\"3 minuty\" \/>\n<script type=\"application\/ld+json\" class=\"yoast-schema-graph\">{\"@context\":\"https:\\\/\\\/schema.org\",\"@graph\":[{\"@type\":\"Article\",\"@id\":\"https:\\\/\\\/saveoder.org\\\/cs\\\/co-vime-o-otrave-polske-odry\\\/#article\",\"isPartOf\":{\"@id\":\"https:\\\/\\\/saveoder.org\\\/cs\\\/co-vime-o-otrave-polske-odry\\\/\"},\"author\":{\"name\":\"Sascha Maier\",\"@id\":\"https:\\\/\\\/saveoder.org\\\/cs\\\/#\\\/schema\\\/person\\\/8ac29089c0e7c63c0bf50abd4ee60beb\"},\"headline\":\"Co v\u00edme o otrav\u011b polsk\u00e9 Odry?\",\"datePublished\":\"2022-08-25T18:47:04+00:00\",\"dateModified\":\"2023-02-10T20:00:41+00:00\",\"mainEntityOfPage\":{\"@id\":\"https:\\\/\\\/saveoder.org\\\/cs\\\/co-vime-o-otrave-polske-odry\\\/\"},\"wordCount\":540,\"publisher\":{\"@id\":\"https:\\\/\\\/saveoder.org\\\/cs\\\/#organization\"},\"image\":{\"@id\":\"https:\\\/\\\/saveoder.org\\\/cs\\\/co-vime-o-otrave-polske-odry\\\/#primaryimage\"},\"thumbnailUrl\":\"https:\\\/\\\/saveoder.org\\\/wp-content\\\/uploads\\\/2022\\\/08\\\/19_male.jpg\",\"keywords\":[\"biodiverzita\",\"DOL\",\"Polsko\",\"R\u00e1mcov\u00e1 sm\u011brnice o vod\u00e1ch\"],\"articleSection\":[\"News Posting\"],\"inLanguage\":\"cs\"},{\"@type\":\"WebPage\",\"@id\":\"https:\\\/\\\/saveoder.org\\\/cs\\\/co-vime-o-otrave-polske-odry\\\/\",\"url\":\"https:\\\/\\\/saveoder.org\\\/cs\\\/co-vime-o-otrave-polske-odry\\\/\",\"name\":\"Co v\u00edme o otrav\u011b polsk\u00e9 Odry? - SaveOder\",\"isPartOf\":{\"@id\":\"https:\\\/\\\/saveoder.org\\\/cs\\\/#website\"},\"primaryImageOfPage\":{\"@id\":\"https:\\\/\\\/saveoder.org\\\/cs\\\/co-vime-o-otrave-polske-odry\\\/#primaryimage\"},\"image\":{\"@id\":\"https:\\\/\\\/saveoder.org\\\/cs\\\/co-vime-o-otrave-polske-odry\\\/#primaryimage\"},\"thumbnailUrl\":\"https:\\\/\\\/saveoder.org\\\/wp-content\\\/uploads\\\/2022\\\/08\\\/19_male.jpg\",\"datePublished\":\"2022-08-25T18:47:04+00:00\",\"dateModified\":\"2023-02-10T20:00:41+00:00\",\"breadcrumb\":{\"@id\":\"https:\\\/\\\/saveoder.org\\\/cs\\\/co-vime-o-otrave-polske-odry\\\/#breadcrumb\"},\"inLanguage\":\"cs\",\"potentialAction\":[{\"@type\":\"ReadAction\",\"target\":[\"https:\\\/\\\/saveoder.org\\\/cs\\\/co-vime-o-otrave-polske-odry\\\/\"]}]},{\"@type\":\"ImageObject\",\"inLanguage\":\"cs\",\"@id\":\"https:\\\/\\\/saveoder.org\\\/cs\\\/co-vime-o-otrave-polske-odry\\\/#primaryimage\",\"url\":\"https:\\\/\\\/saveoder.org\\\/wp-content\\\/uploads\\\/2022\\\/08\\\/19_male.jpg\",\"contentUrl\":\"https:\\\/\\\/saveoder.org\\\/wp-content\\\/uploads\\\/2022\\\/08\\\/19_male.jpg\",\"width\":658,\"height\":552,\"caption\":\"Martwe ryby\"},{\"@type\":\"BreadcrumbList\",\"@id\":\"https:\\\/\\\/saveoder.org\\\/cs\\\/co-vime-o-otrave-polske-odry\\\/#breadcrumb\",\"itemListElement\":[{\"@type\":\"ListItem\",\"position\":1,\"name\":\"Startseite\",\"item\":\"https:\\\/\\\/saveoder.org\\\/cs\\\/\"},{\"@type\":\"ListItem\",\"position\":2,\"name\":\"Co v\u00edme o otrav\u011b polsk\u00e9 Odry?\"}]},{\"@type\":\"WebSite\",\"@id\":\"https:\\\/\\\/saveoder.org\\\/cs\\\/#website\",\"url\":\"https:\\\/\\\/saveoder.org\\\/cs\\\/\",\"name\":\"SaveOder\",\"description\":\"\",\"publisher\":{\"@id\":\"https:\\\/\\\/saveoder.org\\\/cs\\\/#organization\"},\"potentialAction\":[{\"@type\":\"SearchAction\",\"target\":{\"@type\":\"EntryPoint\",\"urlTemplate\":\"https:\\\/\\\/saveoder.org\\\/cs\\\/?s={search_term_string}\"},\"query-input\":{\"@type\":\"PropertyValueSpecification\",\"valueRequired\":true,\"valueName\":\"search_term_string\"}}],\"inLanguage\":\"cs\"},{\"@type\":\"Organization\",\"@id\":\"https:\\\/\\\/saveoder.org\\\/cs\\\/#organization\",\"name\":\"DNR\",\"url\":\"https:\\\/\\\/saveoder.org\\\/cs\\\/\",\"logo\":{\"@type\":\"ImageObject\",\"inLanguage\":\"cs\",\"@id\":\"https:\\\/\\\/saveoder.org\\\/cs\\\/#\\\/schema\\\/logo\\\/image\\\/\",\"url\":\"https:\\\/\\\/saveoder.org\\\/wp-content\\\/uploads\\\/2021\\\/08\\\/Czas-na-Odre_Logo_small_transparent.png\",\"contentUrl\":\"https:\\\/\\\/saveoder.org\\\/wp-content\\\/uploads\\\/2021\\\/08\\\/Czas-na-Odre_Logo_small_transparent.png\",\"width\":366,\"height\":366,\"caption\":\"DNR\"},\"image\":{\"@id\":\"https:\\\/\\\/saveoder.org\\\/cs\\\/#\\\/schema\\\/logo\\\/image\\\/\"}},{\"@type\":\"Person\",\"@id\":\"https:\\\/\\\/saveoder.org\\\/cs\\\/#\\\/schema\\\/person\\\/8ac29089c0e7c63c0bf50abd4ee60beb\",\"name\":\"Sascha Maier\",\"sameAs\":[\"http:\\\/\\\/www.bund.net\"]}]}<\/script>\n<!-- \/ Yoast SEO plugin. -->","yoast_head_json":{"title":"Co v\u00edme o otrav\u011b polsk\u00e9 Odry? - SaveOder","robots":{"index":"index","follow":"follow","max-snippet":"max-snippet:-1","max-image-preview":"max-image-preview:large","max-video-preview":"max-video-preview:-1"},"canonical":"https:\/\/saveoder.org\/cs\/co-vime-o-otrave-polske-odry\/","og_locale":"cs_CZ","og_type":"article","og_title":"Co v\u00edme o otrav\u011b polsk\u00e9 Odry? - SaveOder","og_description":"Od 26. \u010dervence dodnes pokra\u010duj\u00ed masov\u00e9 \u00fahyny ryb na Od\u0159e. Prvn\u00ed z nich byl pozorov\u00e1n u m\u011bsta O\u0142awa zhruba 20 km jihov\u00fdchod\u011b od Wroclawi.","og_url":"https:\/\/saveoder.org\/cs\/co-vime-o-otrave-polske-odry\/","og_site_name":"SaveOder","article_published_time":"2022-08-25T18:47:04+00:00","article_modified_time":"2023-02-10T20:00:41+00:00","og_image":[{"width":658,"height":552,"url":"https:\/\/saveoder.org\/wp-content\/uploads\/2022\/08\/19_male.jpg","type":"image\/jpeg"}],"author":"Sascha Maier","twitter_card":"summary_large_image","twitter_misc":{"Napsal(a)":"Sascha Maier","Odhadovan\u00e1 doba \u010dten\u00ed":"3 minuty"},"schema":{"@context":"https:\/\/schema.org","@graph":[{"@type":"Article","@id":"https:\/\/saveoder.org\/cs\/co-vime-o-otrave-polske-odry\/#article","isPartOf":{"@id":"https:\/\/saveoder.org\/cs\/co-vime-o-otrave-polske-odry\/"},"author":{"name":"Sascha Maier","@id":"https:\/\/saveoder.org\/cs\/#\/schema\/person\/8ac29089c0e7c63c0bf50abd4ee60beb"},"headline":"Co v\u00edme o otrav\u011b polsk\u00e9 Odry?","datePublished":"2022-08-25T18:47:04+00:00","dateModified":"2023-02-10T20:00:41+00:00","mainEntityOfPage":{"@id":"https:\/\/saveoder.org\/cs\/co-vime-o-otrave-polske-odry\/"},"wordCount":540,"publisher":{"@id":"https:\/\/saveoder.org\/cs\/#organization"},"image":{"@id":"https:\/\/saveoder.org\/cs\/co-vime-o-otrave-polske-odry\/#primaryimage"},"thumbnailUrl":"https:\/\/saveoder.org\/wp-content\/uploads\/2022\/08\/19_male.jpg","keywords":["biodiverzita","DOL","Polsko","R\u00e1mcov\u00e1 sm\u011brnice o vod\u00e1ch"],"articleSection":["News Posting"],"inLanguage":"cs"},{"@type":"WebPage","@id":"https:\/\/saveoder.org\/cs\/co-vime-o-otrave-polske-odry\/","url":"https:\/\/saveoder.org\/cs\/co-vime-o-otrave-polske-odry\/","name":"Co v\u00edme o otrav\u011b polsk\u00e9 Odry? - SaveOder","isPartOf":{"@id":"https:\/\/saveoder.org\/cs\/#website"},"primaryImageOfPage":{"@id":"https:\/\/saveoder.org\/cs\/co-vime-o-otrave-polske-odry\/#primaryimage"},"image":{"@id":"https:\/\/saveoder.org\/cs\/co-vime-o-otrave-polske-odry\/#primaryimage"},"thumbnailUrl":"https:\/\/saveoder.org\/wp-content\/uploads\/2022\/08\/19_male.jpg","datePublished":"2022-08-25T18:47:04+00:00","dateModified":"2023-02-10T20:00:41+00:00","breadcrumb":{"@id":"https:\/\/saveoder.org\/cs\/co-vime-o-otrave-polske-odry\/#breadcrumb"},"inLanguage":"cs","potentialAction":[{"@type":"ReadAction","target":["https:\/\/saveoder.org\/cs\/co-vime-o-otrave-polske-odry\/"]}]},{"@type":"ImageObject","inLanguage":"cs","@id":"https:\/\/saveoder.org\/cs\/co-vime-o-otrave-polske-odry\/#primaryimage","url":"https:\/\/saveoder.org\/wp-content\/uploads\/2022\/08\/19_male.jpg","contentUrl":"https:\/\/saveoder.org\/wp-content\/uploads\/2022\/08\/19_male.jpg","width":658,"height":552,"caption":"Martwe ryby"},{"@type":"BreadcrumbList","@id":"https:\/\/saveoder.org\/cs\/co-vime-o-otrave-polske-odry\/#breadcrumb","itemListElement":[{"@type":"ListItem","position":1,"name":"Startseite","item":"https:\/\/saveoder.org\/cs\/"},{"@type":"ListItem","position":2,"name":"Co v\u00edme o otrav\u011b polsk\u00e9 Odry?"}]},{"@type":"WebSite","@id":"https:\/\/saveoder.org\/cs\/#website","url":"https:\/\/saveoder.org\/cs\/","name":"SaveOder","description":"","publisher":{"@id":"https:\/\/saveoder.org\/cs\/#organization"},"potentialAction":[{"@type":"SearchAction","target":{"@type":"EntryPoint","urlTemplate":"https:\/\/saveoder.org\/cs\/?s={search_term_string}"},"query-input":{"@type":"PropertyValueSpecification","valueRequired":true,"valueName":"search_term_string"}}],"inLanguage":"cs"},{"@type":"Organization","@id":"https:\/\/saveoder.org\/cs\/#organization","name":"DNR","url":"https:\/\/saveoder.org\/cs\/","logo":{"@type":"ImageObject","inLanguage":"cs","@id":"https:\/\/saveoder.org\/cs\/#\/schema\/logo\/image\/","url":"https:\/\/saveoder.org\/wp-content\/uploads\/2021\/08\/Czas-na-Odre_Logo_small_transparent.png","contentUrl":"https:\/\/saveoder.org\/wp-content\/uploads\/2021\/08\/Czas-na-Odre_Logo_small_transparent.png","width":366,"height":366,"caption":"DNR"},"image":{"@id":"https:\/\/saveoder.org\/cs\/#\/schema\/logo\/image\/"}},{"@type":"Person","@id":"https:\/\/saveoder.org\/cs\/#\/schema\/person\/8ac29089c0e7c63c0bf50abd4ee60beb","name":"Sascha Maier","sameAs":["http:\/\/www.bund.net"]}]}},"_links":{"self":[{"href":"https:\/\/saveoder.org\/cs\/wp-json\/wp\/v2\/posts\/2972","targetHints":{"allow":["GET"]}}],"collection":[{"href":"https:\/\/saveoder.org\/cs\/wp-json\/wp\/v2\/posts"}],"about":[{"href":"https:\/\/saveoder.org\/cs\/wp-json\/wp\/v2\/types\/post"}],"author":[{"embeddable":true,"href":"https:\/\/saveoder.org\/cs\/wp-json\/wp\/v2\/users\/2"}],"replies":[{"embeddable":true,"href":"https:\/\/saveoder.org\/cs\/wp-json\/wp\/v2\/comments?post=2972"}],"version-history":[{"count":2,"href":"https:\/\/saveoder.org\/cs\/wp-json\/wp\/v2\/posts\/2972\/revisions"}],"predecessor-version":[{"id":2974,"href":"https:\/\/saveoder.org\/cs\/wp-json\/wp\/v2\/posts\/2972\/revisions\/2974"}],"wp:featuredmedia":[{"embeddable":true,"href":"https:\/\/saveoder.org\/cs\/wp-json\/wp\/v2\/media\/2893"}],"wp:attachment":[{"href":"https:\/\/saveoder.org\/cs\/wp-json\/wp\/v2\/media?parent=2972"}],"wp:term":[{"taxonomy":"category","embeddable":true,"href":"https:\/\/saveoder.org\/cs\/wp-json\/wp\/v2\/categories?post=2972"},{"taxonomy":"post_tag","embeddable":true,"href":"https:\/\/saveoder.org\/cs\/wp-json\/wp\/v2\/tags?post=2972"}],"curies":[{"name":"wp","href":"https:\/\/api.w.org\/{rel}","templated":true}]}}