{"id":1084,"date":"2018-06-20T10:38:00","date_gmt":"2018-06-20T08:38:00","guid":{"rendered":"https:\/\/saveoder.org\/?p=1084"},"modified":"2021-08-15T10:53:45","modified_gmt":"2021-08-15T08:53:45","slug":"przyjazna-ludziom-i-przyrodzie-ochrona-przeciwpowodziowa-obszaru-zlewni-rzeki-odry-raporty","status":"publish","type":"post","link":"https:\/\/saveoder.org\/pl\/przyjazna-ludziom-i-przyrodzie-ochrona-przeciwpowodziowa-obszaru-zlewni-rzeki-odry-raporty\/","title":{"rendered":"Przyjazna ludziom i przyrodzie ochrona przeciwpowodziowa obszaru zlewni rzeki Odry &#8211; raporty"},"content":{"rendered":"\n<p><strong>Odra jest jedn\u0105 z ostatnich swobodnie p\u0142yn\u0105cych i niemal naturalnych rzek w Europie i ostatni\u0105 du\u017c\u0105 rzek\u0105 \u015brodkowoeuropejsk\u0105, kt\u00f3ra na 500 km swojego dolnego i \u015brodkowego biegu nie jest zabudowana stopniami wodnymi<\/strong>.&nbsp;Nauka wyra\u017anie m\u00f3wi, \u017ce rzeki naturalnie meandruj\u0105ce przynosz\u0105 spo\u0142ecze\u0144stwu i \u015brodowisku wi\u0119cej korzy\u015bci &#8211;&nbsp;<a href=\"http:\/\/www.ratujmyrzeki.pl\/o-rzekach\/naturalna-rzeka\">Naturalna rzeka<\/a>&nbsp;Plany d\u0105\u017c\u0105ce do u\u017ceglownienia najwi\u0119kszych rzek polskich oraz do, jak twierdz\u0105 zapisy, poprawy bezpiecze\u0144stwa przeciwpowodziowego zdaj\u0105 si\u0119 o tym fakcie jednak zapomina\u0107.&nbsp;<\/p>\n\n\n\n<p>Sprawdzamy co na ten temat m\u00f3wi\u0105 \u015bwie\u017ce polsko-niemieckie raporty dot. planowanej inwestycji&nbsp;<strong>\u201eProjekt ochrony przeciwpowodziowej w dorzeczu Odry i Wis\u0142y\u201d<\/strong>.<\/p>\n\n\n\n<p>Podpisana w dniu 27 kwietnia 2015 polsko-niemiecka<strong> umowa o wsp\u00f3lnej poprawie sytuacji na drogach wodnych&nbsp;<\/strong> <strong>na pograniczu polsko-niemieckim<\/strong> wi\u0105\u017ce si\u0119 z planami realizacji Koncepcji Regulacji Cieku (KRC), kt\u00f3ra dla Odry granicznej zak\u0142ada:&nbsp;z jednej strony zoptymalizowanie warunk\u00f3w przep\u0142ywu powodziowego, a z drugiej uzyskanie 1,80 metra g\u0142\u0119boko\u015bci wody ze \u015brednim rocznym prawdopodobie\u0144stwem przekroczenia na poziomie 80% powy\u017cej i 90% poni\u017cej uj\u015bcia Warty.<\/p>\n\n\n\n<p>Z umow\u0105 i koncepcj\u0105 KRC \u015bci\u015ble powi\u0105zany jest stworzony w 2015 i finansowany ze \u015brodk\u00f3w Banku \u015awiatowego i UE <strong>\u201eProjekt ochrony przeciwpowodziowej w dorzeczu Odry i Wis\u0142y\u201d<\/strong>. Planowane w nim przedsi\u0119wzi\u0119cia uzasadniane s\u0105 popraw\u0105 warunk\u00f3w ochrony przeciwpowodziowej i przewiduj\u0105 tak\u017ce modernizacj\u0119 szlaku \u017ceglownego na Odrze granicznej, prace regulacyjne na Odrze \u015brodkowej od Malczyc do uj\u015bcia Nysy \u0141u\u017cyckiej, maj\u0105ce przekszta\u0142ci\u0107 swobodnie p\u0142yn\u0105c\u0105 rzek\u0119 w drog\u0119 wodn\u0105 III klasy, oraz w\u0142\u0105czenie do u\u017cytkowania od lat 70-tych naturalnie rozwijaj\u0105cego si\u0119 Mi\u0119dzyodrza, b\u0119d\u0105cego stref\u0105 centraln\u0105 transgranicznej sieci obszar\u00f3w chronionych Doliny Dolnej Odry. Polska Rada Ministr\u00f3w podj\u0119\u0142a nawet uchwa\u0142\u0119, w kt\u00f3rej wyra\u017cone s\u0105 d\u0105\u017cenia do doprowadzenia odrza\u0144skiej drogi wodnej do co najmniej IV klasy \u017ceglowno\u015bci.<\/p>\n\n\n\n<p>Niemieckie organizacje ochrony \u015brodowiska i ochrony przyrody BUND, NABU, DUH, WWF, fundacja \u201eHeinz-Sielmann-Stiftung\u201c i Towarzystwo Przyjaci\u00f3\u0142 Niemiecko-Polskiego Europejskiego Parku Narodowego Dolina Dolnej Odry pod egid\u0105 <strong>Niemieckiej Ligii Ochrony Przyrody (DNR) wsp\u00f3lnie z polsk\u0105 Koalicj\u0105 Ratujmy Rzeki<\/strong>, grupuj\u0105c\u0105 liczne polskie organizacje ekologiczne, ekspert\u00f3w i przedstawicieli spo\u0142ecze\u0144stwa, dzia\u0142aj\u0105 na rzecz stworzenia na Odrze <strong>ochrony przeciwpowodziowej przyjaznej \u015brodowisku i ludziom<\/strong> w ramach finansowanego przez Niemieck\u0105 Federaln\u0105 Fundacj\u0119 \u015arodowiska projektu. Celem jest zar\u00f3wno podwy\u017cszenie jako\u015bci ponadgranicznie pojmowanej ochrony przeciwpowodziowej jak i jej dostosowanie do obowi\u0105zuj\u0105cych europejskich przepis\u00f3w ochrony \u015brodowiska naturalnego.<br>Rozwini\u0119ciu dyskusji nt. ochrony przeciwpowodziowej na Odrze z jej merytorycznym zapleczem s\u0142u\u017cy\u0107 maj\u0105 wykonane ekspertyzy:<\/p>\n\n\n\n<p>1. Grygoruk, M., Osuch, P., Trandziuk, P., 2018.<\/p>\n\n\n\n<ul class=\"wp-block-list\"><li><a href=\"https:\/\/saveoder.org\/wp-content\/uploads\/2021\/08\/Report_Oder_Grygoruk_pl.pdf\" target=\"_blank\" rel=\"noreferrer noopener\">Opis kluczowych obszar\u00f3w dla poprawy retencji wody w polskiej cz\u0119\u015bci zlewni rzeki Odry. Analiza potencjalnej retencji wody w systemach melioracyjnych i jej potencjalna rola w \u0142agodzeniu niskich przep\u0142yw\u00f3w zimowych Odry. Raport. Niemiecka Liga na rzecz Przyrody i \u015arodowiska. 93 pp.<\/a><\/li><li><a href=\"https:\/\/saveoder.org\/wp-content\/uploads\/2021\/08\/2018_06_20_Oderprojekt_Delineation_Grygoruk_final.pdf\" target=\"_blank\" rel=\"noreferrer noopener\">Delineation of key zones for water retention enhancement in the Polish part of the Oder catchment. Analysis of potential water retention in land reclamation systems and its possible role in mitigating winter low flows of Oder Report. German League for Nature and Environment. 109 pp.<\/a> [Angielska wersja]<\/li><\/ul>\n\n\n\n<p><\/p>\n\n\n\n<p><\/p>\n\n\n\n<p>2. Gerstgraser, Ch., Schnauder, I., Domagalski, B., 2018.<\/p>\n\n\n\n<ul class=\"wp-block-list\"><li><a href=\"https:\/\/saveoder.org\/wp-content\/uploads\/2021\/08\/2018_06_20_Odra_Report_Gerstgraser_PL_errata.pdf\" target=\"_blank\" rel=\"noreferrer noopener\">Skuteczno\u015b\u0107 planowanego polderu zalewowego Mi\u0119dzyodrze i koncepcji regulacji cieku na popraw\u0119 ochrony przeciwpowodziowej na dolnej Odrze<\/a><\/li><li><a href=\"https:\/\/saveoder.org\/wp-content\/uploads\/2021\/08\/2018_06_20_Oderbericht_Gerstgraser_final_Errata.pdf\" target=\"_blank\" rel=\"noreferrer noopener\">Wirksamkeit des geplanten Flutpolders Mi\u0119dzyodrze und der Stromregelungskonzeption f\u00fcr den Hochwasserschutz der Unteren Oderdzyodrze und der Stromregelungskonzeption f\u00fcr den Hochwasserschutz der Unteren Oder<\/a> [wersja oryginalna, niemiecka]<\/li><\/ul>\n\n\n\n<p><\/p>\n\n\n\n<p>3. Podsumowanie raport\u00f3w Odra<\/p>\n\n\n\n<ul class=\"wp-block-list\"><li><a href=\"https:\/\/saveoder.org\/wp-content\/uploads\/2021\/08\/2018_06_20_Oderprojekt_Zusammenfassung-final_PL.pdf\" target=\"_blank\" rel=\"noreferrer noopener\">Posumowanie raport\u00f3w Odra (PL)<\/a><\/li><li><a href=\"https:\/\/saveoder.org\/wp-content\/uploads\/2021\/08\/18_06_20_Oderprojekt_Zusammenfassung-final_EN.pdf\" target=\"_blank\" rel=\"noreferrer noopener\">Summary of reports (ENG)<\/a><\/li><\/ul>\n","protected":false},"excerpt":{"rendered":"<p>Odra jest jedn\u0105 z ostatnich swobodnie p\u0142yn\u0105cych i niemal naturalnych rzek w Europie i ostatni\u0105 du\u017c\u0105 rzek\u0105 \u015brodkowoeuropejsk\u0105, kt\u00f3ra na 500 km swojego dolnego i \u015brodkowego biegu nie jest zabudowana stopniami wodnymi.<\/p>\n","protected":false},"author":2,"featured_media":1103,"comment_status":"closed","ping_status":"closed","sticky":false,"template":"","format":"standard","meta":{"_acf_changed":false,"neve_meta_sidebar":"","neve_meta_container":"","neve_meta_enable_content_width":"","neve_meta_content_width":0,"neve_meta_title_alignment":"","neve_meta_author_avatar":"","neve_post_elements_order":"","neve_meta_disable_header":"","neve_meta_disable_footer":"","neve_meta_disable_title":"","neve_meta_reading_time":"","footnotes":""},"categories":[5],"tags":[],"class_list":["post-1084","post","type-post","status-publish","format-standard","has-post-thumbnail","hentry","category-bez-kategorii"],"acf":[],"yoast_head":"<!-- This site is optimized with the Yoast SEO plugin v27.3 - https:\/\/yoast.com\/product\/yoast-seo-wordpress\/ -->\n<title>Przyjazna ludziom i przyrodzie ochrona przeciwpowodziowa obszaru zlewni rzeki Odry - raporty - SaveOder<\/title>\n<meta name=\"robots\" content=\"index, follow, max-snippet:-1, max-image-preview:large, max-video-preview:-1\" \/>\n<link rel=\"canonical\" href=\"https:\/\/saveoder.org\/pl\/przyjazna-ludziom-i-przyrodzie-ochrona-przeciwpowodziowa-obszaru-zlewni-rzeki-odry-raporty\/\" \/>\n<meta property=\"og:locale\" content=\"pl_PL\" \/>\n<meta property=\"og:type\" content=\"article\" \/>\n<meta property=\"og:title\" content=\"Przyjazna ludziom i przyrodzie ochrona przeciwpowodziowa obszaru zlewni rzeki Odry - raporty - SaveOder\" \/>\n<meta property=\"og:description\" content=\"Odra jest jedn\u0105 z ostatnich swobodnie p\u0142yn\u0105cych i niemal naturalnych rzek w Europie i ostatni\u0105 du\u017c\u0105 rzek\u0105 \u015brodkowoeuropejsk\u0105, kt\u00f3ra na 500 km swojego dolnego i \u015brodkowego biegu nie jest zabudowana stopniami wodnymi.\" \/>\n<meta property=\"og:url\" content=\"https:\/\/saveoder.org\/pl\/przyjazna-ludziom-i-przyrodzie-ochrona-przeciwpowodziowa-obszaru-zlewni-rzeki-odry-raporty\/\" \/>\n<meta property=\"og:site_name\" content=\"SaveOder\" \/>\n<meta property=\"article:published_time\" content=\"2018-06-20T08:38:00+00:00\" \/>\n<meta property=\"article:modified_time\" content=\"2021-08-15T08:53:45+00:00\" \/>\n<meta property=\"og:image\" content=\"https:\/\/saveoder.org\/wp-content\/uploads\/2021\/08\/Preview-Factsheet-Lower-Oder-Valley-PL.jpg\" \/>\n\t<meta property=\"og:image:width\" content=\"500\" \/>\n\t<meta property=\"og:image:height\" content=\"500\" \/>\n\t<meta property=\"og:image:type\" content=\"image\/jpeg\" \/>\n<meta name=\"author\" content=\"Sascha Maier\" \/>\n<meta name=\"twitter:card\" content=\"summary_large_image\" \/>\n<meta name=\"twitter:label1\" content=\"Napisane przez\" \/>\n\t<meta name=\"twitter:data1\" content=\"Sascha Maier\" \/>\n\t<meta name=\"twitter:label2\" content=\"Szacowany czas czytania\" \/>\n\t<meta name=\"twitter:data2\" content=\"3 minuty\" \/>\n<script type=\"application\/ld+json\" class=\"yoast-schema-graph\">{\"@context\":\"https:\\\/\\\/schema.org\",\"@graph\":[{\"@type\":\"Article\",\"@id\":\"https:\\\/\\\/saveoder.org\\\/pl\\\/przyjazna-ludziom-i-przyrodzie-ochrona-przeciwpowodziowa-obszaru-zlewni-rzeki-odry-raporty\\\/#article\",\"isPartOf\":{\"@id\":\"https:\\\/\\\/saveoder.org\\\/pl\\\/przyjazna-ludziom-i-przyrodzie-ochrona-przeciwpowodziowa-obszaru-zlewni-rzeki-odry-raporty\\\/\"},\"author\":{\"name\":\"Sascha Maier\",\"@id\":\"https:\\\/\\\/saveoder.org\\\/pl\\\/#\\\/schema\\\/person\\\/8ac29089c0e7c63c0bf50abd4ee60beb\"},\"headline\":\"Przyjazna ludziom i przyrodzie ochrona przeciwpowodziowa obszaru zlewni rzeki Odry &#8211; raporty\",\"datePublished\":\"2018-06-20T08:38:00+00:00\",\"dateModified\":\"2021-08-15T08:53:45+00:00\",\"mainEntityOfPage\":{\"@id\":\"https:\\\/\\\/saveoder.org\\\/pl\\\/przyjazna-ludziom-i-przyrodzie-ochrona-przeciwpowodziowa-obszaru-zlewni-rzeki-odry-raporty\\\/\"},\"wordCount\":606,\"publisher\":{\"@id\":\"https:\\\/\\\/saveoder.org\\\/pl\\\/#organization\"},\"image\":{\"@id\":\"https:\\\/\\\/saveoder.org\\\/pl\\\/przyjazna-ludziom-i-przyrodzie-ochrona-przeciwpowodziowa-obszaru-zlewni-rzeki-odry-raporty\\\/#primaryimage\"},\"thumbnailUrl\":\"https:\\\/\\\/saveoder.org\\\/wp-content\\\/uploads\\\/2021\\\/08\\\/Preview-Factsheet-Lower-Oder-Valley-PL.jpg\",\"inLanguage\":\"pl-PL\"},{\"@type\":\"WebPage\",\"@id\":\"https:\\\/\\\/saveoder.org\\\/pl\\\/przyjazna-ludziom-i-przyrodzie-ochrona-przeciwpowodziowa-obszaru-zlewni-rzeki-odry-raporty\\\/\",\"url\":\"https:\\\/\\\/saveoder.org\\\/pl\\\/przyjazna-ludziom-i-przyrodzie-ochrona-przeciwpowodziowa-obszaru-zlewni-rzeki-odry-raporty\\\/\",\"name\":\"Przyjazna ludziom i przyrodzie ochrona przeciwpowodziowa obszaru zlewni rzeki Odry - raporty - SaveOder\",\"isPartOf\":{\"@id\":\"https:\\\/\\\/saveoder.org\\\/pl\\\/#website\"},\"primaryImageOfPage\":{\"@id\":\"https:\\\/\\\/saveoder.org\\\/pl\\\/przyjazna-ludziom-i-przyrodzie-ochrona-przeciwpowodziowa-obszaru-zlewni-rzeki-odry-raporty\\\/#primaryimage\"},\"image\":{\"@id\":\"https:\\\/\\\/saveoder.org\\\/pl\\\/przyjazna-ludziom-i-przyrodzie-ochrona-przeciwpowodziowa-obszaru-zlewni-rzeki-odry-raporty\\\/#primaryimage\"},\"thumbnailUrl\":\"https:\\\/\\\/saveoder.org\\\/wp-content\\\/uploads\\\/2021\\\/08\\\/Preview-Factsheet-Lower-Oder-Valley-PL.jpg\",\"datePublished\":\"2018-06-20T08:38:00+00:00\",\"dateModified\":\"2021-08-15T08:53:45+00:00\",\"breadcrumb\":{\"@id\":\"https:\\\/\\\/saveoder.org\\\/pl\\\/przyjazna-ludziom-i-przyrodzie-ochrona-przeciwpowodziowa-obszaru-zlewni-rzeki-odry-raporty\\\/#breadcrumb\"},\"inLanguage\":\"pl-PL\",\"potentialAction\":[{\"@type\":\"ReadAction\",\"target\":[\"https:\\\/\\\/saveoder.org\\\/pl\\\/przyjazna-ludziom-i-przyrodzie-ochrona-przeciwpowodziowa-obszaru-zlewni-rzeki-odry-raporty\\\/\"]}]},{\"@type\":\"ImageObject\",\"inLanguage\":\"pl-PL\",\"@id\":\"https:\\\/\\\/saveoder.org\\\/pl\\\/przyjazna-ludziom-i-przyrodzie-ochrona-przeciwpowodziowa-obszaru-zlewni-rzeki-odry-raporty\\\/#primaryimage\",\"url\":\"https:\\\/\\\/saveoder.org\\\/wp-content\\\/uploads\\\/2021\\\/08\\\/Preview-Factsheet-Lower-Oder-Valley-PL.jpg\",\"contentUrl\":\"https:\\\/\\\/saveoder.org\\\/wp-content\\\/uploads\\\/2021\\\/08\\\/Preview-Factsheet-Lower-Oder-Valley-PL.jpg\",\"width\":500,\"height\":500,\"caption\":\"Preview Factsheet Lower Oder Valley PL\"},{\"@type\":\"BreadcrumbList\",\"@id\":\"https:\\\/\\\/saveoder.org\\\/pl\\\/przyjazna-ludziom-i-przyrodzie-ochrona-przeciwpowodziowa-obszaru-zlewni-rzeki-odry-raporty\\\/#breadcrumb\",\"itemListElement\":[{\"@type\":\"ListItem\",\"position\":1,\"name\":\"Startseite\",\"item\":\"https:\\\/\\\/saveoder.org\\\/pl\\\/\"},{\"@type\":\"ListItem\",\"position\":2,\"name\":\"Przyjazna ludziom i przyrodzie ochrona przeciwpowodziowa obszaru zlewni rzeki Odry &#8211; raporty\"}]},{\"@type\":\"WebSite\",\"@id\":\"https:\\\/\\\/saveoder.org\\\/pl\\\/#website\",\"url\":\"https:\\\/\\\/saveoder.org\\\/pl\\\/\",\"name\":\"SaveOder\",\"description\":\"\",\"publisher\":{\"@id\":\"https:\\\/\\\/saveoder.org\\\/pl\\\/#organization\"},\"potentialAction\":[{\"@type\":\"SearchAction\",\"target\":{\"@type\":\"EntryPoint\",\"urlTemplate\":\"https:\\\/\\\/saveoder.org\\\/pl\\\/?s={search_term_string}\"},\"query-input\":{\"@type\":\"PropertyValueSpecification\",\"valueRequired\":true,\"valueName\":\"search_term_string\"}}],\"inLanguage\":\"pl-PL\"},{\"@type\":\"Organization\",\"@id\":\"https:\\\/\\\/saveoder.org\\\/pl\\\/#organization\",\"name\":\"DNR\",\"url\":\"https:\\\/\\\/saveoder.org\\\/pl\\\/\",\"logo\":{\"@type\":\"ImageObject\",\"inLanguage\":\"pl-PL\",\"@id\":\"https:\\\/\\\/saveoder.org\\\/pl\\\/#\\\/schema\\\/logo\\\/image\\\/\",\"url\":\"https:\\\/\\\/saveoder.org\\\/wp-content\\\/uploads\\\/2021\\\/08\\\/Czas-na-Odre_Logo_small_transparent.png\",\"contentUrl\":\"https:\\\/\\\/saveoder.org\\\/wp-content\\\/uploads\\\/2021\\\/08\\\/Czas-na-Odre_Logo_small_transparent.png\",\"width\":366,\"height\":366,\"caption\":\"DNR\"},\"image\":{\"@id\":\"https:\\\/\\\/saveoder.org\\\/pl\\\/#\\\/schema\\\/logo\\\/image\\\/\"}},{\"@type\":\"Person\",\"@id\":\"https:\\\/\\\/saveoder.org\\\/pl\\\/#\\\/schema\\\/person\\\/8ac29089c0e7c63c0bf50abd4ee60beb\",\"name\":\"Sascha Maier\",\"sameAs\":[\"http:\\\/\\\/www.bund.net\"]}]}<\/script>\n<!-- \/ Yoast SEO plugin. -->","yoast_head_json":{"title":"Przyjazna ludziom i przyrodzie ochrona przeciwpowodziowa obszaru zlewni rzeki Odry - raporty - SaveOder","robots":{"index":"index","follow":"follow","max-snippet":"max-snippet:-1","max-image-preview":"max-image-preview:large","max-video-preview":"max-video-preview:-1"},"canonical":"https:\/\/saveoder.org\/pl\/przyjazna-ludziom-i-przyrodzie-ochrona-przeciwpowodziowa-obszaru-zlewni-rzeki-odry-raporty\/","og_locale":"pl_PL","og_type":"article","og_title":"Przyjazna ludziom i przyrodzie ochrona przeciwpowodziowa obszaru zlewni rzeki Odry - raporty - SaveOder","og_description":"Odra jest jedn\u0105 z ostatnich swobodnie p\u0142yn\u0105cych i niemal naturalnych rzek w Europie i ostatni\u0105 du\u017c\u0105 rzek\u0105 \u015brodkowoeuropejsk\u0105, kt\u00f3ra na 500 km swojego dolnego i \u015brodkowego biegu nie jest zabudowana stopniami wodnymi.","og_url":"https:\/\/saveoder.org\/pl\/przyjazna-ludziom-i-przyrodzie-ochrona-przeciwpowodziowa-obszaru-zlewni-rzeki-odry-raporty\/","og_site_name":"SaveOder","article_published_time":"2018-06-20T08:38:00+00:00","article_modified_time":"2021-08-15T08:53:45+00:00","og_image":[{"width":500,"height":500,"url":"https:\/\/saveoder.org\/wp-content\/uploads\/2021\/08\/Preview-Factsheet-Lower-Oder-Valley-PL.jpg","type":"image\/jpeg"}],"author":"Sascha Maier","twitter_card":"summary_large_image","twitter_misc":{"Napisane przez":"Sascha Maier","Szacowany czas czytania":"3 minuty"},"schema":{"@context":"https:\/\/schema.org","@graph":[{"@type":"Article","@id":"https:\/\/saveoder.org\/pl\/przyjazna-ludziom-i-przyrodzie-ochrona-przeciwpowodziowa-obszaru-zlewni-rzeki-odry-raporty\/#article","isPartOf":{"@id":"https:\/\/saveoder.org\/pl\/przyjazna-ludziom-i-przyrodzie-ochrona-przeciwpowodziowa-obszaru-zlewni-rzeki-odry-raporty\/"},"author":{"name":"Sascha Maier","@id":"https:\/\/saveoder.org\/pl\/#\/schema\/person\/8ac29089c0e7c63c0bf50abd4ee60beb"},"headline":"Przyjazna ludziom i przyrodzie ochrona przeciwpowodziowa obszaru zlewni rzeki Odry &#8211; raporty","datePublished":"2018-06-20T08:38:00+00:00","dateModified":"2021-08-15T08:53:45+00:00","mainEntityOfPage":{"@id":"https:\/\/saveoder.org\/pl\/przyjazna-ludziom-i-przyrodzie-ochrona-przeciwpowodziowa-obszaru-zlewni-rzeki-odry-raporty\/"},"wordCount":606,"publisher":{"@id":"https:\/\/saveoder.org\/pl\/#organization"},"image":{"@id":"https:\/\/saveoder.org\/pl\/przyjazna-ludziom-i-przyrodzie-ochrona-przeciwpowodziowa-obszaru-zlewni-rzeki-odry-raporty\/#primaryimage"},"thumbnailUrl":"https:\/\/saveoder.org\/wp-content\/uploads\/2021\/08\/Preview-Factsheet-Lower-Oder-Valley-PL.jpg","inLanguage":"pl-PL"},{"@type":"WebPage","@id":"https:\/\/saveoder.org\/pl\/przyjazna-ludziom-i-przyrodzie-ochrona-przeciwpowodziowa-obszaru-zlewni-rzeki-odry-raporty\/","url":"https:\/\/saveoder.org\/pl\/przyjazna-ludziom-i-przyrodzie-ochrona-przeciwpowodziowa-obszaru-zlewni-rzeki-odry-raporty\/","name":"Przyjazna ludziom i przyrodzie ochrona przeciwpowodziowa obszaru zlewni rzeki Odry - raporty - SaveOder","isPartOf":{"@id":"https:\/\/saveoder.org\/pl\/#website"},"primaryImageOfPage":{"@id":"https:\/\/saveoder.org\/pl\/przyjazna-ludziom-i-przyrodzie-ochrona-przeciwpowodziowa-obszaru-zlewni-rzeki-odry-raporty\/#primaryimage"},"image":{"@id":"https:\/\/saveoder.org\/pl\/przyjazna-ludziom-i-przyrodzie-ochrona-przeciwpowodziowa-obszaru-zlewni-rzeki-odry-raporty\/#primaryimage"},"thumbnailUrl":"https:\/\/saveoder.org\/wp-content\/uploads\/2021\/08\/Preview-Factsheet-Lower-Oder-Valley-PL.jpg","datePublished":"2018-06-20T08:38:00+00:00","dateModified":"2021-08-15T08:53:45+00:00","breadcrumb":{"@id":"https:\/\/saveoder.org\/pl\/przyjazna-ludziom-i-przyrodzie-ochrona-przeciwpowodziowa-obszaru-zlewni-rzeki-odry-raporty\/#breadcrumb"},"inLanguage":"pl-PL","potentialAction":[{"@type":"ReadAction","target":["https:\/\/saveoder.org\/pl\/przyjazna-ludziom-i-przyrodzie-ochrona-przeciwpowodziowa-obszaru-zlewni-rzeki-odry-raporty\/"]}]},{"@type":"ImageObject","inLanguage":"pl-PL","@id":"https:\/\/saveoder.org\/pl\/przyjazna-ludziom-i-przyrodzie-ochrona-przeciwpowodziowa-obszaru-zlewni-rzeki-odry-raporty\/#primaryimage","url":"https:\/\/saveoder.org\/wp-content\/uploads\/2021\/08\/Preview-Factsheet-Lower-Oder-Valley-PL.jpg","contentUrl":"https:\/\/saveoder.org\/wp-content\/uploads\/2021\/08\/Preview-Factsheet-Lower-Oder-Valley-PL.jpg","width":500,"height":500,"caption":"Preview Factsheet Lower Oder Valley PL"},{"@type":"BreadcrumbList","@id":"https:\/\/saveoder.org\/pl\/przyjazna-ludziom-i-przyrodzie-ochrona-przeciwpowodziowa-obszaru-zlewni-rzeki-odry-raporty\/#breadcrumb","itemListElement":[{"@type":"ListItem","position":1,"name":"Startseite","item":"https:\/\/saveoder.org\/pl\/"},{"@type":"ListItem","position":2,"name":"Przyjazna ludziom i przyrodzie ochrona przeciwpowodziowa obszaru zlewni rzeki Odry &#8211; raporty"}]},{"@type":"WebSite","@id":"https:\/\/saveoder.org\/pl\/#website","url":"https:\/\/saveoder.org\/pl\/","name":"SaveOder","description":"","publisher":{"@id":"https:\/\/saveoder.org\/pl\/#organization"},"potentialAction":[{"@type":"SearchAction","target":{"@type":"EntryPoint","urlTemplate":"https:\/\/saveoder.org\/pl\/?s={search_term_string}"},"query-input":{"@type":"PropertyValueSpecification","valueRequired":true,"valueName":"search_term_string"}}],"inLanguage":"pl-PL"},{"@type":"Organization","@id":"https:\/\/saveoder.org\/pl\/#organization","name":"DNR","url":"https:\/\/saveoder.org\/pl\/","logo":{"@type":"ImageObject","inLanguage":"pl-PL","@id":"https:\/\/saveoder.org\/pl\/#\/schema\/logo\/image\/","url":"https:\/\/saveoder.org\/wp-content\/uploads\/2021\/08\/Czas-na-Odre_Logo_small_transparent.png","contentUrl":"https:\/\/saveoder.org\/wp-content\/uploads\/2021\/08\/Czas-na-Odre_Logo_small_transparent.png","width":366,"height":366,"caption":"DNR"},"image":{"@id":"https:\/\/saveoder.org\/pl\/#\/schema\/logo\/image\/"}},{"@type":"Person","@id":"https:\/\/saveoder.org\/pl\/#\/schema\/person\/8ac29089c0e7c63c0bf50abd4ee60beb","name":"Sascha Maier","sameAs":["http:\/\/www.bund.net"]}]}},"_links":{"self":[{"href":"https:\/\/saveoder.org\/pl\/wp-json\/wp\/v2\/posts\/1084","targetHints":{"allow":["GET"]}}],"collection":[{"href":"https:\/\/saveoder.org\/pl\/wp-json\/wp\/v2\/posts"}],"about":[{"href":"https:\/\/saveoder.org\/pl\/wp-json\/wp\/v2\/types\/post"}],"author":[{"embeddable":true,"href":"https:\/\/saveoder.org\/pl\/wp-json\/wp\/v2\/users\/2"}],"replies":[{"embeddable":true,"href":"https:\/\/saveoder.org\/pl\/wp-json\/wp\/v2\/comments?post=1084"}],"version-history":[{"count":10,"href":"https:\/\/saveoder.org\/pl\/wp-json\/wp\/v2\/posts\/1084\/revisions"}],"predecessor-version":[{"id":1160,"href":"https:\/\/saveoder.org\/pl\/wp-json\/wp\/v2\/posts\/1084\/revisions\/1160"}],"wp:featuredmedia":[{"embeddable":true,"href":"https:\/\/saveoder.org\/pl\/wp-json\/wp\/v2\/media\/1103"}],"wp:attachment":[{"href":"https:\/\/saveoder.org\/pl\/wp-json\/wp\/v2\/media?parent=1084"}],"wp:term":[{"taxonomy":"category","embeddable":true,"href":"https:\/\/saveoder.org\/pl\/wp-json\/wp\/v2\/categories?post=1084"},{"taxonomy":"post_tag","embeddable":true,"href":"https:\/\/saveoder.org\/pl\/wp-json\/wp\/v2\/tags?post=1084"}],"curies":[{"name":"wp","href":"https:\/\/api.w.org\/{rel}","templated":true}]}}