{"id":2873,"date":"2022-08-27T21:50:59","date_gmt":"2022-08-27T19:50:59","guid":{"rendered":"https:\/\/saveoder.org\/notatka-o-save-oder-die-to-jest-wezwanie-do-przylaczenia-sie-do-akcji\/"},"modified":"2022-08-30T22:44:31","modified_gmt":"2022-08-30T20:44:31","slug":"notatka-o-save-oder-die-to-jest-wezwanie-do-przylaczenia-sie-do-akcji","status":"publish","type":"post","link":"https:\/\/saveoder.org\/pl\/notatka-o-save-oder-die-to-jest-wezwanie-do-przylaczenia-sie-do-akcji\/","title":{"rendered":"Notatka o SAVE ODER DIE: To jest wezwanie do przy\u0142\u0105czenia si\u0119 do akcji!"},"content":{"rendered":"\n<p>4 wrze\u015bnia wszyscy chcemy razem stan\u0105\u0107 nad Odr\u0105. Do tej pory dotkni\u0119ty jest prawie ca\u0142y system rzeczny, od Polski przez ca\u0142y Oderbruch i z ramionami Odry, a\u017c po Zalew Szczeci\u0144ski i do Ba\u0142tyku.<br>To nie pierwszy przypadek zatrucia rzeki. Wr\u0119cz przeciwnie, Odra jest jedn\u0105 z ostatnich rzek w regionie europejskim, kt\u00f3ra jeszcze w miar\u0119 nienaruszona by\u0142a w stanie naturalnym.<\/p>\n\n\n\n<p>Jednocze\u015bnie ekstremalne susze w wyniku zmian klimatycznych powoduj\u0105 ogromne straty wody s\u0142odkiej w rzekach i jeziorach w ca\u0142ej Europie. Co wi\u0119cej, w wielu miejscach kurczy si\u0119 nasza woda pitna i wody gruntowe. Coraz wyra\u017aniej wida\u0107, jak bardzo cz\u0142owiek zagra\u017ca sam sobie poprzez niezr\u00f3wnowa\u017cone wykorzystanie naszych zasob\u00f3w naturalnych. Razem chcemy co\u015b z tym zrobi\u0107.<\/p>\n\n\n\n<p>W ci\u0105gu najbli\u017cszych dw\u00f3ch tygodni chcemy zwo\u0142a\u0107 jak najwi\u0119cej os\u00f3b, miejsc i organizacji, kt\u00f3re wezm\u0105 udzia\u0142 w koncercie nad brzegiem Odry 4 wrze\u015bnia o godz. 15.00.<\/p>\n\n\n\n<p>Przewidujemy, \u017ce ka\u017cdy, kto zechce uczestniczy\u0107, indywidualnie lub w grupie, znajdzie nad brzegiem Odry miejsce do muzykowania, wydobywania d\u017awi\u0119k\u00f3w lub po prostu uczestnictwa.<\/p>\n\n\n\n<p>Tak wi\u0119c od Czech po Ba\u0142tyk liczymy na Wasze zdecentralizowane wsparcie. Zbierzcie si\u0119 we wsiach i miastach, przynie\u015bcie swoje instrumenty, g\u0142osy i cia\u0142a i poka\u017ccie, \u017ce jeste\u015bmy wszyscy razem. B\u0105d\u017acie ze swoj\u0105 si\u0142\u0105 i energi\u0105 dla siebie nawzajem, dla rzeki i dla lepszego \u015bwiata.<br>Inicjatywa ta ma na celu stworzenie szerokiej bazy, kt\u00f3ra wykroczy poza 4 wrze\u015bnia, aby osi\u0105gn\u0105\u0107 edukacj\u0119 i ostateczn\u0105 ochron\u0119 ca\u0142ej rzeki Odry.<\/p>\n\n\n\n<p><strong>Prosimy o przekazanie tej i poni\u017cszych informacji prasowych zainteresowanym stronom.<\/strong><\/p>\n\n\n\n<p><strong>Hashtagi:<\/strong> #SAVEODERDIE i #saveoder <br><strong>Facebook:<\/strong> <a href=\"https:\/\/www.facebook.com\/profile.php?id=100084924579178\" target=\"_blank\" rel=\"noreferrer noopener\">www.facebook.com\/profile.php?id=100084924579178<\/a> z pomys\u0142ami i notatkami <br><strong>Email:<\/strong> <a href=\"mailto:action@saveoderdie.net\" target=\"_blank\" rel=\"noreferrer noopener\">action@saveoderdie.net <\/a><br><strong>Strona internetowa:<\/strong> <a href=\"http:\/\/www.saveoder.org\/pl\" target=\"_blank\" rel=\"noreferrer noopener\">www.saveoder.org<\/a><br><strong>BUND Punkt informacyjny Oderbruch:<\/strong> <a href=\"http:\/\/www.uferloos.de\/bund-infopunkt-oderbruch\/\" target=\"_blank\" rel=\"noreferrer noopener\">www.uferloos.de\/bund-infopunkt-oderbruch\/<\/a> <\/p>\n\n\n\n<p>Inicjatywa Obywatelska Kienitz solidaryzuje si\u0119 z &#8222;Aktionsb\u00fcndnis lebendige Oder (Sojusz Akcji \u017bywa Odra)&#8221;. Ten sojusz kilkunastu organizacji ekologicznych i zajmuj\u0105cych si\u0119 ochron\u0105 przyrody od kilku lat walczy o zachowanie unikalnego ekosystemu Odry.<\/p>\n\n\n\n<p>Je\u015bli chcieliby\u015bcie Pa\u0144stwo przekaza\u0107 darowizn\u0119 dla Odry, mo\u017cecie to zrobi\u0107 poprzez &#8222;Czas na Odr\u0119&#8221; tutaj: <a href=\"https:\/\/zrzutka.pl\/odratujmy\" target=\"_blank\" rel=\"noreferrer noopener\">zrzutka.pl\/odratujmy<\/a><\/p>\n\n\n\n<p>Twoja<br>BUND Punkt informacyjny Oderbruch<\/p>\n\n\n\n    <div id=\"puretextblock-block_630012c9b8001\" class=\"puretextblock_container\">\n      <div class=\"puretextblock_content\"><\/div>\n    <\/div>\n","protected":false},"excerpt":{"rendered":"<p>\u017bycie w Odrze ginie. Druga co do wielko\u015bci rzeka w Polsce, jest zatruta. Na kilkuset kilometrach przez ostatnie dni w\u0119dkarze, spo\u0142ecznicy i przyrodnicy wy\u0142owili tysi\u0105ce martwych ryb <\/p>\n","protected":false},"author":2,"featured_media":2874,"comment_status":"closed","ping_status":"closed","sticky":false,"template":"","format":"standard","meta":{"_acf_changed":false,"neve_meta_sidebar":"","neve_meta_container":"","neve_meta_enable_content_width":"","neve_meta_content_width":0,"neve_meta_title_alignment":"","neve_meta_author_avatar":"","neve_post_elements_order":"","neve_meta_disable_header":"","neve_meta_disable_footer":"","neve_meta_disable_title":"","neve_meta_reading_time":"","footnotes":""},"categories":[38],"tags":[76,60,77,78,75],"class_list":["post-2873","post","type-post","status-publish","format-standard","has-post-thumbnail","hentry","category-news-posting-pl","tag-miedzynarodowy","tag-prace-modernizacyjne-na-odrze","tag-protest-pl","tag-saveoderdie-pl","tag-zabojstwo-ryb"],"acf":[],"yoast_head":"<!-- This site is optimized with the Yoast SEO plugin v27.3 - https:\/\/yoast.com\/product\/yoast-seo-wordpress\/ -->\n<title>Notatka o SAVE ODER DIE: To jest wezwanie do przy\u0142\u0105czenia si\u0119 do akcji! - SaveOder<\/title>\n<meta name=\"robots\" content=\"index, follow, max-snippet:-1, max-image-preview:large, max-video-preview:-1\" \/>\n<link rel=\"canonical\" href=\"https:\/\/saveoder.org\/pl\/notatka-o-save-oder-die-to-jest-wezwanie-do-przylaczenia-sie-do-akcji\/\" \/>\n<meta property=\"og:locale\" content=\"pl_PL\" \/>\n<meta property=\"og:type\" content=\"article\" \/>\n<meta property=\"og:title\" content=\"Notatka o SAVE ODER DIE: To jest wezwanie do przy\u0142\u0105czenia si\u0119 do akcji! - SaveOder\" \/>\n<meta property=\"og:description\" content=\"\u017bycie w Odrze ginie. Druga co do wielko\u015bci rzeka w Polsce, jest zatruta. Na kilkuset kilometrach przez ostatnie dni w\u0119dkarze, spo\u0142ecznicy i przyrodnicy wy\u0142owili tysi\u0105ce martwych ryb\" \/>\n<meta property=\"og:url\" content=\"https:\/\/saveoder.org\/pl\/notatka-o-save-oder-die-to-jest-wezwanie-do-przylaczenia-sie-do-akcji\/\" \/>\n<meta property=\"og:site_name\" content=\"SaveOder\" \/>\n<meta property=\"article:published_time\" content=\"2022-08-27T19:50:59+00:00\" \/>\n<meta property=\"article:modified_time\" content=\"2022-08-30T20:44:31+00:00\" \/>\n<meta property=\"og:image\" content=\"https:\/\/saveoder.org\/wp-content\/uploads\/2022\/08\/logo-saveoderdie_wide.png\" \/>\n\t<meta property=\"og:image:width\" content=\"2133\" \/>\n\t<meta property=\"og:image:height\" content=\"1067\" \/>\n\t<meta property=\"og:image:type\" content=\"image\/png\" \/>\n<meta name=\"author\" content=\"Sascha Maier\" \/>\n<meta name=\"twitter:card\" content=\"summary_large_image\" \/>\n<meta name=\"twitter:label1\" content=\"Napisane przez\" \/>\n\t<meta name=\"twitter:data1\" content=\"Sascha Maier\" \/>\n\t<meta name=\"twitter:label2\" content=\"Szacowany czas czytania\" \/>\n\t<meta name=\"twitter:data2\" content=\"2 minuty\" \/>\n<script type=\"application\/ld+json\" class=\"yoast-schema-graph\">{\"@context\":\"https:\\\/\\\/schema.org\",\"@graph\":[{\"@type\":\"Article\",\"@id\":\"https:\\\/\\\/saveoder.org\\\/pl\\\/notatka-o-save-oder-die-to-jest-wezwanie-do-przylaczenia-sie-do-akcji\\\/#article\",\"isPartOf\":{\"@id\":\"https:\\\/\\\/saveoder.org\\\/pl\\\/notatka-o-save-oder-die-to-jest-wezwanie-do-przylaczenia-sie-do-akcji\\\/\"},\"author\":{\"name\":\"Sascha Maier\",\"@id\":\"https:\\\/\\\/saveoder.org\\\/pl\\\/#\\\/schema\\\/person\\\/8ac29089c0e7c63c0bf50abd4ee60beb\"},\"headline\":\"Notatka o SAVE ODER DIE: To jest wezwanie do przy\u0142\u0105czenia si\u0119 do akcji!\",\"datePublished\":\"2022-08-27T19:50:59+00:00\",\"dateModified\":\"2022-08-30T20:44:31+00:00\",\"mainEntityOfPage\":{\"@id\":\"https:\\\/\\\/saveoder.org\\\/pl\\\/notatka-o-save-oder-die-to-jest-wezwanie-do-przylaczenia-sie-do-akcji\\\/\"},\"wordCount\":385,\"publisher\":{\"@id\":\"https:\\\/\\\/saveoder.org\\\/pl\\\/#organization\"},\"image\":{\"@id\":\"https:\\\/\\\/saveoder.org\\\/pl\\\/notatka-o-save-oder-die-to-jest-wezwanie-do-przylaczenia-sie-do-akcji\\\/#primaryimage\"},\"thumbnailUrl\":\"https:\\\/\\\/saveoder.org\\\/wp-content\\\/uploads\\\/2022\\\/08\\\/logo-saveoderdie_wide.png\",\"keywords\":[\"mi\u0119dzynarodowy\",\"Prace modernizacyjne na Odrze\",\"protest\",\"SaveOderDie\",\"zab\u00f3jstwo ryb\"],\"articleSection\":[\"News Posting\"],\"inLanguage\":\"pl-PL\"},{\"@type\":\"WebPage\",\"@id\":\"https:\\\/\\\/saveoder.org\\\/pl\\\/notatka-o-save-oder-die-to-jest-wezwanie-do-przylaczenia-sie-do-akcji\\\/\",\"url\":\"https:\\\/\\\/saveoder.org\\\/pl\\\/notatka-o-save-oder-die-to-jest-wezwanie-do-przylaczenia-sie-do-akcji\\\/\",\"name\":\"Notatka o SAVE ODER DIE: To jest wezwanie do przy\u0142\u0105czenia si\u0119 do akcji! - SaveOder\",\"isPartOf\":{\"@id\":\"https:\\\/\\\/saveoder.org\\\/pl\\\/#website\"},\"primaryImageOfPage\":{\"@id\":\"https:\\\/\\\/saveoder.org\\\/pl\\\/notatka-o-save-oder-die-to-jest-wezwanie-do-przylaczenia-sie-do-akcji\\\/#primaryimage\"},\"image\":{\"@id\":\"https:\\\/\\\/saveoder.org\\\/pl\\\/notatka-o-save-oder-die-to-jest-wezwanie-do-przylaczenia-sie-do-akcji\\\/#primaryimage\"},\"thumbnailUrl\":\"https:\\\/\\\/saveoder.org\\\/wp-content\\\/uploads\\\/2022\\\/08\\\/logo-saveoderdie_wide.png\",\"datePublished\":\"2022-08-27T19:50:59+00:00\",\"dateModified\":\"2022-08-30T20:44:31+00:00\",\"breadcrumb\":{\"@id\":\"https:\\\/\\\/saveoder.org\\\/pl\\\/notatka-o-save-oder-die-to-jest-wezwanie-do-przylaczenia-sie-do-akcji\\\/#breadcrumb\"},\"inLanguage\":\"pl-PL\",\"potentialAction\":[{\"@type\":\"ReadAction\",\"target\":[\"https:\\\/\\\/saveoder.org\\\/pl\\\/notatka-o-save-oder-die-to-jest-wezwanie-do-przylaczenia-sie-do-akcji\\\/\"]}]},{\"@type\":\"ImageObject\",\"inLanguage\":\"pl-PL\",\"@id\":\"https:\\\/\\\/saveoder.org\\\/pl\\\/notatka-o-save-oder-die-to-jest-wezwanie-do-przylaczenia-sie-do-akcji\\\/#primaryimage\",\"url\":\"https:\\\/\\\/saveoder.org\\\/wp-content\\\/uploads\\\/2022\\\/08\\\/logo-saveoderdie_wide.png\",\"contentUrl\":\"https:\\\/\\\/saveoder.org\\\/wp-content\\\/uploads\\\/2022\\\/08\\\/logo-saveoderdie_wide.png\",\"width\":2133,\"height\":1067,\"caption\":\"SAVE ODER DIE\"},{\"@type\":\"BreadcrumbList\",\"@id\":\"https:\\\/\\\/saveoder.org\\\/pl\\\/notatka-o-save-oder-die-to-jest-wezwanie-do-przylaczenia-sie-do-akcji\\\/#breadcrumb\",\"itemListElement\":[{\"@type\":\"ListItem\",\"position\":1,\"name\":\"Startseite\",\"item\":\"https:\\\/\\\/saveoder.org\\\/pl\\\/\"},{\"@type\":\"ListItem\",\"position\":2,\"name\":\"Notatka o SAVE ODER DIE: To jest wezwanie do przy\u0142\u0105czenia si\u0119 do akcji!\"}]},{\"@type\":\"WebSite\",\"@id\":\"https:\\\/\\\/saveoder.org\\\/pl\\\/#website\",\"url\":\"https:\\\/\\\/saveoder.org\\\/pl\\\/\",\"name\":\"SaveOder\",\"description\":\"\",\"publisher\":{\"@id\":\"https:\\\/\\\/saveoder.org\\\/pl\\\/#organization\"},\"potentialAction\":[{\"@type\":\"SearchAction\",\"target\":{\"@type\":\"EntryPoint\",\"urlTemplate\":\"https:\\\/\\\/saveoder.org\\\/pl\\\/?s={search_term_string}\"},\"query-input\":{\"@type\":\"PropertyValueSpecification\",\"valueRequired\":true,\"valueName\":\"search_term_string\"}}],\"inLanguage\":\"pl-PL\"},{\"@type\":\"Organization\",\"@id\":\"https:\\\/\\\/saveoder.org\\\/pl\\\/#organization\",\"name\":\"DNR\",\"url\":\"https:\\\/\\\/saveoder.org\\\/pl\\\/\",\"logo\":{\"@type\":\"ImageObject\",\"inLanguage\":\"pl-PL\",\"@id\":\"https:\\\/\\\/saveoder.org\\\/pl\\\/#\\\/schema\\\/logo\\\/image\\\/\",\"url\":\"https:\\\/\\\/saveoder.org\\\/wp-content\\\/uploads\\\/2021\\\/08\\\/Czas-na-Odre_Logo_small_transparent.png\",\"contentUrl\":\"https:\\\/\\\/saveoder.org\\\/wp-content\\\/uploads\\\/2021\\\/08\\\/Czas-na-Odre_Logo_small_transparent.png\",\"width\":366,\"height\":366,\"caption\":\"DNR\"},\"image\":{\"@id\":\"https:\\\/\\\/saveoder.org\\\/pl\\\/#\\\/schema\\\/logo\\\/image\\\/\"}},{\"@type\":\"Person\",\"@id\":\"https:\\\/\\\/saveoder.org\\\/pl\\\/#\\\/schema\\\/person\\\/8ac29089c0e7c63c0bf50abd4ee60beb\",\"name\":\"Sascha Maier\",\"sameAs\":[\"http:\\\/\\\/www.bund.net\"]}]}<\/script>\n<!-- \/ Yoast SEO plugin. -->","yoast_head_json":{"title":"Notatka o SAVE ODER DIE: To jest wezwanie do przy\u0142\u0105czenia si\u0119 do akcji! - SaveOder","robots":{"index":"index","follow":"follow","max-snippet":"max-snippet:-1","max-image-preview":"max-image-preview:large","max-video-preview":"max-video-preview:-1"},"canonical":"https:\/\/saveoder.org\/pl\/notatka-o-save-oder-die-to-jest-wezwanie-do-przylaczenia-sie-do-akcji\/","og_locale":"pl_PL","og_type":"article","og_title":"Notatka o SAVE ODER DIE: To jest wezwanie do przy\u0142\u0105czenia si\u0119 do akcji! - SaveOder","og_description":"\u017bycie w Odrze ginie. Druga co do wielko\u015bci rzeka w Polsce, jest zatruta. Na kilkuset kilometrach przez ostatnie dni w\u0119dkarze, spo\u0142ecznicy i przyrodnicy wy\u0142owili tysi\u0105ce martwych ryb","og_url":"https:\/\/saveoder.org\/pl\/notatka-o-save-oder-die-to-jest-wezwanie-do-przylaczenia-sie-do-akcji\/","og_site_name":"SaveOder","article_published_time":"2022-08-27T19:50:59+00:00","article_modified_time":"2022-08-30T20:44:31+00:00","og_image":[{"width":2133,"height":1067,"url":"https:\/\/saveoder.org\/wp-content\/uploads\/2022\/08\/logo-saveoderdie_wide.png","type":"image\/png"}],"author":"Sascha Maier","twitter_card":"summary_large_image","twitter_misc":{"Napisane przez":"Sascha Maier","Szacowany czas czytania":"2 minuty"},"schema":{"@context":"https:\/\/schema.org","@graph":[{"@type":"Article","@id":"https:\/\/saveoder.org\/pl\/notatka-o-save-oder-die-to-jest-wezwanie-do-przylaczenia-sie-do-akcji\/#article","isPartOf":{"@id":"https:\/\/saveoder.org\/pl\/notatka-o-save-oder-die-to-jest-wezwanie-do-przylaczenia-sie-do-akcji\/"},"author":{"name":"Sascha Maier","@id":"https:\/\/saveoder.org\/pl\/#\/schema\/person\/8ac29089c0e7c63c0bf50abd4ee60beb"},"headline":"Notatka o SAVE ODER DIE: To jest wezwanie do przy\u0142\u0105czenia si\u0119 do akcji!","datePublished":"2022-08-27T19:50:59+00:00","dateModified":"2022-08-30T20:44:31+00:00","mainEntityOfPage":{"@id":"https:\/\/saveoder.org\/pl\/notatka-o-save-oder-die-to-jest-wezwanie-do-przylaczenia-sie-do-akcji\/"},"wordCount":385,"publisher":{"@id":"https:\/\/saveoder.org\/pl\/#organization"},"image":{"@id":"https:\/\/saveoder.org\/pl\/notatka-o-save-oder-die-to-jest-wezwanie-do-przylaczenia-sie-do-akcji\/#primaryimage"},"thumbnailUrl":"https:\/\/saveoder.org\/wp-content\/uploads\/2022\/08\/logo-saveoderdie_wide.png","keywords":["mi\u0119dzynarodowy","Prace modernizacyjne na Odrze","protest","SaveOderDie","zab\u00f3jstwo ryb"],"articleSection":["News Posting"],"inLanguage":"pl-PL"},{"@type":"WebPage","@id":"https:\/\/saveoder.org\/pl\/notatka-o-save-oder-die-to-jest-wezwanie-do-przylaczenia-sie-do-akcji\/","url":"https:\/\/saveoder.org\/pl\/notatka-o-save-oder-die-to-jest-wezwanie-do-przylaczenia-sie-do-akcji\/","name":"Notatka o SAVE ODER DIE: To jest wezwanie do przy\u0142\u0105czenia si\u0119 do akcji! - SaveOder","isPartOf":{"@id":"https:\/\/saveoder.org\/pl\/#website"},"primaryImageOfPage":{"@id":"https:\/\/saveoder.org\/pl\/notatka-o-save-oder-die-to-jest-wezwanie-do-przylaczenia-sie-do-akcji\/#primaryimage"},"image":{"@id":"https:\/\/saveoder.org\/pl\/notatka-o-save-oder-die-to-jest-wezwanie-do-przylaczenia-sie-do-akcji\/#primaryimage"},"thumbnailUrl":"https:\/\/saveoder.org\/wp-content\/uploads\/2022\/08\/logo-saveoderdie_wide.png","datePublished":"2022-08-27T19:50:59+00:00","dateModified":"2022-08-30T20:44:31+00:00","breadcrumb":{"@id":"https:\/\/saveoder.org\/pl\/notatka-o-save-oder-die-to-jest-wezwanie-do-przylaczenia-sie-do-akcji\/#breadcrumb"},"inLanguage":"pl-PL","potentialAction":[{"@type":"ReadAction","target":["https:\/\/saveoder.org\/pl\/notatka-o-save-oder-die-to-jest-wezwanie-do-przylaczenia-sie-do-akcji\/"]}]},{"@type":"ImageObject","inLanguage":"pl-PL","@id":"https:\/\/saveoder.org\/pl\/notatka-o-save-oder-die-to-jest-wezwanie-do-przylaczenia-sie-do-akcji\/#primaryimage","url":"https:\/\/saveoder.org\/wp-content\/uploads\/2022\/08\/logo-saveoderdie_wide.png","contentUrl":"https:\/\/saveoder.org\/wp-content\/uploads\/2022\/08\/logo-saveoderdie_wide.png","width":2133,"height":1067,"caption":"SAVE ODER DIE"},{"@type":"BreadcrumbList","@id":"https:\/\/saveoder.org\/pl\/notatka-o-save-oder-die-to-jest-wezwanie-do-przylaczenia-sie-do-akcji\/#breadcrumb","itemListElement":[{"@type":"ListItem","position":1,"name":"Startseite","item":"https:\/\/saveoder.org\/pl\/"},{"@type":"ListItem","position":2,"name":"Notatka o SAVE ODER DIE: To jest wezwanie do przy\u0142\u0105czenia si\u0119 do akcji!"}]},{"@type":"WebSite","@id":"https:\/\/saveoder.org\/pl\/#website","url":"https:\/\/saveoder.org\/pl\/","name":"SaveOder","description":"","publisher":{"@id":"https:\/\/saveoder.org\/pl\/#organization"},"potentialAction":[{"@type":"SearchAction","target":{"@type":"EntryPoint","urlTemplate":"https:\/\/saveoder.org\/pl\/?s={search_term_string}"},"query-input":{"@type":"PropertyValueSpecification","valueRequired":true,"valueName":"search_term_string"}}],"inLanguage":"pl-PL"},{"@type":"Organization","@id":"https:\/\/saveoder.org\/pl\/#organization","name":"DNR","url":"https:\/\/saveoder.org\/pl\/","logo":{"@type":"ImageObject","inLanguage":"pl-PL","@id":"https:\/\/saveoder.org\/pl\/#\/schema\/logo\/image\/","url":"https:\/\/saveoder.org\/wp-content\/uploads\/2021\/08\/Czas-na-Odre_Logo_small_transparent.png","contentUrl":"https:\/\/saveoder.org\/wp-content\/uploads\/2021\/08\/Czas-na-Odre_Logo_small_transparent.png","width":366,"height":366,"caption":"DNR"},"image":{"@id":"https:\/\/saveoder.org\/pl\/#\/schema\/logo\/image\/"}},{"@type":"Person","@id":"https:\/\/saveoder.org\/pl\/#\/schema\/person\/8ac29089c0e7c63c0bf50abd4ee60beb","name":"Sascha Maier","sameAs":["http:\/\/www.bund.net"]}]}},"_links":{"self":[{"href":"https:\/\/saveoder.org\/pl\/wp-json\/wp\/v2\/posts\/2873","targetHints":{"allow":["GET"]}}],"collection":[{"href":"https:\/\/saveoder.org\/pl\/wp-json\/wp\/v2\/posts"}],"about":[{"href":"https:\/\/saveoder.org\/pl\/wp-json\/wp\/v2\/types\/post"}],"author":[{"embeddable":true,"href":"https:\/\/saveoder.org\/pl\/wp-json\/wp\/v2\/users\/2"}],"replies":[{"embeddable":true,"href":"https:\/\/saveoder.org\/pl\/wp-json\/wp\/v2\/comments?post=2873"}],"version-history":[{"count":4,"href":"https:\/\/saveoder.org\/pl\/wp-json\/wp\/v2\/posts\/2873\/revisions"}],"predecessor-version":[{"id":2898,"href":"https:\/\/saveoder.org\/pl\/wp-json\/wp\/v2\/posts\/2873\/revisions\/2898"}],"wp:featuredmedia":[{"embeddable":true,"href":"https:\/\/saveoder.org\/pl\/wp-json\/wp\/v2\/media\/2874"}],"wp:attachment":[{"href":"https:\/\/saveoder.org\/pl\/wp-json\/wp\/v2\/media?parent=2873"}],"wp:term":[{"taxonomy":"category","embeddable":true,"href":"https:\/\/saveoder.org\/pl\/wp-json\/wp\/v2\/categories?post=2873"},{"taxonomy":"post_tag","embeddable":true,"href":"https:\/\/saveoder.org\/pl\/wp-json\/wp\/v2\/tags?post=2873"}],"curies":[{"name":"wp","href":"https:\/\/api.w.org\/{rel}","templated":true}]}}