{"id":2952,"date":"2023-02-09T21:32:04","date_gmt":"2023-02-09T20:32:04","guid":{"rendered":"https:\/\/saveoder.org\/powstrzymajmy-nowa-katastrofe-w-odrze\/"},"modified":"2023-02-09T21:37:49","modified_gmt":"2023-02-09T20:37:49","slug":"powstrzymajmy-nowa-katastrofe-w-odrze","status":"publish","type":"post","link":"https:\/\/saveoder.org\/pl\/powstrzymajmy-nowa-katastrofe-w-odrze\/","title":{"rendered":"Powstrzymajmy now\u0105 katastrof\u0119 w Odrze"},"content":{"rendered":"\n<p><strong>Komunikat Koalicji Czas na Odr\u0119.<\/strong><\/p>\n\n\n\n<figure class=\"wp-block-image size-large\"><img decoding=\"async\" width=\"1024\" height=\"585\" src=\"https:\/\/saveoder.org\/wp-content\/uploads\/2023\/02\/Oder-Meeting-Wroclaw_3227x1844-1-1024x585.jpg\" alt=\"\" class=\"wp-image-2946\" srcset=\"https:\/\/saveoder.org\/wp-content\/uploads\/2023\/02\/Oder-Meeting-Wroclaw_3227x1844-1-1024x585.jpg 1024w, https:\/\/saveoder.org\/wp-content\/uploads\/2023\/02\/Oder-Meeting-Wroclaw_3227x1844-1-300x171.jpg 300w, https:\/\/saveoder.org\/wp-content\/uploads\/2023\/02\/Oder-Meeting-Wroclaw_3227x1844-1-768x439.jpg 768w, https:\/\/saveoder.org\/wp-content\/uploads\/2023\/02\/Oder-Meeting-Wroclaw_3227x1844-1-1536x878.jpg 1536w, https:\/\/saveoder.org\/wp-content\/uploads\/2023\/02\/Oder-Meeting-Wroclaw_3227x1844-1-2048x1170.jpg 2048w\" sizes=\"(max-width: 1024px) 100vw, 1024px\" \/><figcaption class=\"wp-element-caption\">Mi\u0119dzynarodowa Koalicja Czas na Odr\u0119!<\/figcaption><\/figure>\n\n\n\n<p><strong>08.02.2023 r. we Wroc\u0142awiu spotka\u0142y si\u0119 organizacje z mi\u0119dzynarodowej koalicji \u201cCzas na Odr\u0119\u201d i z koalicji \u201cRatujmy Rzeki\u201d zaniepokojone sytuacj\u0105 Odry, w celu wymiany informacji i uzgodnienia wsp\u00f3lnych inicjatyw. Chcemy by rz\u0105dy wreszcie wzi\u0119\u0142y si\u0119 za realne dzia\u0142ania, zmierzaj\u0105ce do redukcji zasolenia, mikroplastiku i innych zanieczyszcze\u0144 w Odrze.<\/strong><\/p>\n\n\n\n<p>Od katastrofy ekologicznej spowodowanej zatruciem Odry min\u0119\u0142o kilka miesi\u0119cy, niestety sytuacja na rzece nie uleg\u0142a znacz\u0105cej poprawie. Od kolejnej tragedii ratuje nas tylko zimna pora roku. Wy\u017cszy poziom wody w rzece i ni\u017csza temperatura hamuj\u0105 zakwit nadal wyst\u0119puj\u0105cych w wodach Odry i Kana\u0142u Gliwickiego z\u0142otych alg. Z zaniepokojeniem czekamy na wiosn\u0119, bo zasolenie Odry nadal jest bardzo wysokie. Z\u0142ote algi wci\u0105\u017c s\u0105 liczne a wraz ze wzrostem temperatury ro\u015bnie ryzyko ich ponownego namno\u017cenia i uwolnienia prymnezyny \u2013 \u015bmiertelnej trucizny dla ryb i mi\u0119czak\u00f3w. Niestety na horyzoncie nie wida\u0107 przejrzystego oraz skutecznego planu naprawy sytuacji, a do rzeki w majestacie prawa nadal zrzucane s\u0105 \u015bcieki i wody do\u0142owe z kopalni.\r\n\r\nMimo, \u017ce Odra jest rzek\u0105 ponadnarodow\u0105, przep\u0142ywa przez Czechy, Niemcy i Polsk\u0119, brak jest mi\u0119dzyrz\u0105dowej konstruktywnej wsp\u00f3\u0142pracy w tym zakresie. Jest to tym bardziej zdumiewaj\u0105ce, \u017ce m\u00f3wimy o rzece wa\u017cnej dla a\u017c trzech pa\u0144stw \u2013 cz\u0142onk\u00f3w Unii Europejskiej.<\/p>\n\n\n\n<p>W odr\u00f3\u017cnieniu od rz\u0105d\u00f3w, organizacje obywatelskie z Polski, Niemiec i Czech, blisko wsp\u00f3\u0142pracuj\u0105 na rzecz Odry. W \u015brod\u0119 08.02.2023 r. we Wroc\u0142awiu spotka\u0142y si\u0119 organizacje z mi\u0119dzynarodowej koalicji \u201cCzas na Odr\u0119\u201d i z koalicji \u201cRatujmy Rzeki\u201d zaniepokojone sytuacj\u0105 Odry, w celu wymiany informacji i uzgodnienia wsp\u00f3lnych inicjatyw. Chcemy by rz\u0105dy wreszcie wzi\u0119\u0142y si\u0119 za realne dzia\u0142ania, zmierzaj\u0105ce do redukcji zasolenia, mikroplastiku i innych zanieczyszcze\u0144 w Odrze. Na pewno nie przyczyni\u0105 si\u0119 do tego plany dalszego regulowania rzeki i prace hydrotechniczne, forsowane szczeg\u00f3lnie mocno przez <\/p>\n\n\n\n<p>\u2013 Dalsza regulacja nie tylko wp\u0142ynie negatywnie na tempo odzyskiwania przez Odr\u0119 jej r\u00f3\u017cnorodno\u015bci biologicznej, ale os\u0142abi te\u017c zdolno\u015b\u0107 rzeki do samooczyszczania si\u0119. Niesie to ze sob\u0105 ryzyko jeszcze wi\u0119kszych katastrof ni\u017c ta z sierpnia zesz\u0142ego roku. \u2013 m\u00f3wi Dorota Chmielowiec-Tyszko z Koalicji Czas na Odr\u0119.<\/p>\n\n\n\n<p>Zrobimy wszystko, \u017ceby temu przeciwdzia\u0142a\u0107. Pracujemy nad w\u0142asnym planem uzdrowienia rzeki i zapraszamy do wsp\u00f3\u0142pracy rz\u0105dy wszystkich nadodrza\u0144skich kraj\u00f3w: Niemiec, Polski i Czech.<\/p>\n\n\n\n<p>Koalicja Czas na Odr\u0119 <a href=\"http:\/\/www.saveoder.org\">www.saveoder.org<\/a><\/p>\n\n\n\n<p>Koalicja Ratujmy Rzeki <a href=\"http:\/\/www.ratujmyrzeki.pl\">www.ratujmyrzeki.pl<\/a><\/p>\n\n\n\n    <div id=\"puretextblock-block_ffec4730a89687703164da480d1604d3\" class=\"puretextblock_container\">\n      <div class=\"puretextblock_content\"><\/div>\n    <\/div>\n","protected":false},"excerpt":{"rendered":"<p>Od katastrofy ekologicznej spowodowanej zatruciem Odry min\u0119\u0142o kilka miesi\u0119cy, niestety sytuacja na rzece nie uleg\u0142a znacz\u0105cej poprawie.<\/p>\n","protected":false},"author":2,"featured_media":2945,"comment_status":"closed","ping_status":"closed","sticky":false,"template":"","format":"standard","meta":{"_acf_changed":false,"neve_meta_sidebar":"","neve_meta_container":"","neve_meta_enable_content_width":"","neve_meta_content_width":0,"neve_meta_title_alignment":"","neve_meta_author_avatar":"","neve_post_elements_order":"","neve_meta_disable_header":"","neve_meta_disable_footer":"","neve_meta_disable_title":"","neve_meta_reading_time":"","footnotes":""},"categories":[25],"tags":[94,91,92,93],"class_list":["post-2952","post","type-post","status-publish","format-standard","has-post-thumbnail","hentry","category-wspolna-informacja-prasowa","tag-czas-na-odre","tag-eureni-pl","tag-ramowa-dyrektywa-wodna","tag-spotkanie"],"acf":[],"yoast_head":"<!-- This site is optimized with the Yoast SEO plugin v27.3 - https:\/\/yoast.com\/product\/yoast-seo-wordpress\/ -->\n<title>Powstrzymajmy now\u0105 katastrof\u0119 w Odrze - SaveOder<\/title>\n<meta name=\"robots\" content=\"index, follow, max-snippet:-1, max-image-preview:large, max-video-preview:-1\" \/>\n<link rel=\"canonical\" href=\"https:\/\/saveoder.org\/pl\/powstrzymajmy-nowa-katastrofe-w-odrze\/\" \/>\n<meta property=\"og:locale\" content=\"pl_PL\" \/>\n<meta property=\"og:type\" content=\"article\" \/>\n<meta property=\"og:title\" content=\"Powstrzymajmy now\u0105 katastrof\u0119 w Odrze - SaveOder\" \/>\n<meta property=\"og:description\" content=\"Od katastrofy ekologicznej spowodowanej zatruciem Odry min\u0119\u0142o kilka miesi\u0119cy, niestety sytuacja na rzece nie uleg\u0142a znacz\u0105cej poprawie.\" \/>\n<meta property=\"og:url\" content=\"https:\/\/saveoder.org\/pl\/powstrzymajmy-nowa-katastrofe-w-odrze\/\" \/>\n<meta property=\"og:site_name\" content=\"SaveOder\" \/>\n<meta property=\"article:published_time\" content=\"2023-02-09T20:32:04+00:00\" \/>\n<meta property=\"article:modified_time\" content=\"2023-02-09T20:37:49+00:00\" \/>\n<meta property=\"og:image\" content=\"https:\/\/saveoder.org\/wp-content\/uploads\/2023\/02\/Oder-Meeting-Wroclaw_3227x1844-1024x585.jpg\" \/>\n\t<meta property=\"og:image:width\" content=\"1024\" \/>\n\t<meta property=\"og:image:height\" content=\"585\" \/>\n\t<meta property=\"og:image:type\" content=\"image\/jpeg\" \/>\n<meta name=\"author\" content=\"Sascha Maier\" \/>\n<meta name=\"twitter:card\" content=\"summary_large_image\" \/>\n<meta name=\"twitter:label1\" content=\"Napisane przez\" \/>\n\t<meta name=\"twitter:data1\" content=\"Sascha Maier\" \/>\n\t<meta name=\"twitter:label2\" content=\"Szacowany czas czytania\" \/>\n\t<meta name=\"twitter:data2\" content=\"3 minuty\" \/>\n<script type=\"application\/ld+json\" class=\"yoast-schema-graph\">{\"@context\":\"https:\\\/\\\/schema.org\",\"@graph\":[{\"@type\":\"Article\",\"@id\":\"https:\\\/\\\/saveoder.org\\\/pl\\\/powstrzymajmy-nowa-katastrofe-w-odrze\\\/#article\",\"isPartOf\":{\"@id\":\"https:\\\/\\\/saveoder.org\\\/pl\\\/powstrzymajmy-nowa-katastrofe-w-odrze\\\/\"},\"author\":{\"name\":\"Sascha Maier\",\"@id\":\"https:\\\/\\\/saveoder.org\\\/pl\\\/#\\\/schema\\\/person\\\/8ac29089c0e7c63c0bf50abd4ee60beb\"},\"headline\":\"Powstrzymajmy now\u0105 katastrof\u0119 w Odrze\",\"datePublished\":\"2023-02-09T20:32:04+00:00\",\"dateModified\":\"2023-02-09T20:37:49+00:00\",\"mainEntityOfPage\":{\"@id\":\"https:\\\/\\\/saveoder.org\\\/pl\\\/powstrzymajmy-nowa-katastrofe-w-odrze\\\/\"},\"wordCount\":431,\"publisher\":{\"@id\":\"https:\\\/\\\/saveoder.org\\\/pl\\\/#organization\"},\"image\":{\"@id\":\"https:\\\/\\\/saveoder.org\\\/pl\\\/powstrzymajmy-nowa-katastrofe-w-odrze\\\/#primaryimage\"},\"thumbnailUrl\":\"https:\\\/\\\/saveoder.org\\\/wp-content\\\/uploads\\\/2023\\\/02\\\/Oder-Meeting-Wroclaw_3227x1844.jpg\",\"keywords\":[\"Czas na Odr\u0119\",\"EURENI\",\"Ramowa Dyrektywa Wodna\",\"spotkanie\"],\"articleSection\":[\"Wsp\u00f3lna informacja prasowa\"],\"inLanguage\":\"pl-PL\"},{\"@type\":\"WebPage\",\"@id\":\"https:\\\/\\\/saveoder.org\\\/pl\\\/powstrzymajmy-nowa-katastrofe-w-odrze\\\/\",\"url\":\"https:\\\/\\\/saveoder.org\\\/pl\\\/powstrzymajmy-nowa-katastrofe-w-odrze\\\/\",\"name\":\"Powstrzymajmy now\u0105 katastrof\u0119 w Odrze - SaveOder\",\"isPartOf\":{\"@id\":\"https:\\\/\\\/saveoder.org\\\/pl\\\/#website\"},\"primaryImageOfPage\":{\"@id\":\"https:\\\/\\\/saveoder.org\\\/pl\\\/powstrzymajmy-nowa-katastrofe-w-odrze\\\/#primaryimage\"},\"image\":{\"@id\":\"https:\\\/\\\/saveoder.org\\\/pl\\\/powstrzymajmy-nowa-katastrofe-w-odrze\\\/#primaryimage\"},\"thumbnailUrl\":\"https:\\\/\\\/saveoder.org\\\/wp-content\\\/uploads\\\/2023\\\/02\\\/Oder-Meeting-Wroclaw_3227x1844.jpg\",\"datePublished\":\"2023-02-09T20:32:04+00:00\",\"dateModified\":\"2023-02-09T20:37:49+00:00\",\"breadcrumb\":{\"@id\":\"https:\\\/\\\/saveoder.org\\\/pl\\\/powstrzymajmy-nowa-katastrofe-w-odrze\\\/#breadcrumb\"},\"inLanguage\":\"pl-PL\",\"potentialAction\":[{\"@type\":\"ReadAction\",\"target\":[\"https:\\\/\\\/saveoder.org\\\/pl\\\/powstrzymajmy-nowa-katastrofe-w-odrze\\\/\"]}]},{\"@type\":\"ImageObject\",\"inLanguage\":\"pl-PL\",\"@id\":\"https:\\\/\\\/saveoder.org\\\/pl\\\/powstrzymajmy-nowa-katastrofe-w-odrze\\\/#primaryimage\",\"url\":\"https:\\\/\\\/saveoder.org\\\/wp-content\\\/uploads\\\/2023\\\/02\\\/Oder-Meeting-Wroclaw_3227x1844.jpg\",\"contentUrl\":\"https:\\\/\\\/saveoder.org\\\/wp-content\\\/uploads\\\/2023\\\/02\\\/Oder-Meeting-Wroclaw_3227x1844.jpg\",\"width\":3227,\"height\":1844,\"caption\":\"Action of Coalition \\\"Time for the Oder\\\" in Wroclaw on Feb 8, 2023\"},{\"@type\":\"BreadcrumbList\",\"@id\":\"https:\\\/\\\/saveoder.org\\\/pl\\\/powstrzymajmy-nowa-katastrofe-w-odrze\\\/#breadcrumb\",\"itemListElement\":[{\"@type\":\"ListItem\",\"position\":1,\"name\":\"Startseite\",\"item\":\"https:\\\/\\\/saveoder.org\\\/pl\\\/\"},{\"@type\":\"ListItem\",\"position\":2,\"name\":\"Powstrzymajmy now\u0105 katastrof\u0119 w Odrze\"}]},{\"@type\":\"WebSite\",\"@id\":\"https:\\\/\\\/saveoder.org\\\/pl\\\/#website\",\"url\":\"https:\\\/\\\/saveoder.org\\\/pl\\\/\",\"name\":\"SaveOder\",\"description\":\"\",\"publisher\":{\"@id\":\"https:\\\/\\\/saveoder.org\\\/pl\\\/#organization\"},\"potentialAction\":[{\"@type\":\"SearchAction\",\"target\":{\"@type\":\"EntryPoint\",\"urlTemplate\":\"https:\\\/\\\/saveoder.org\\\/pl\\\/?s={search_term_string}\"},\"query-input\":{\"@type\":\"PropertyValueSpecification\",\"valueRequired\":true,\"valueName\":\"search_term_string\"}}],\"inLanguage\":\"pl-PL\"},{\"@type\":\"Organization\",\"@id\":\"https:\\\/\\\/saveoder.org\\\/pl\\\/#organization\",\"name\":\"DNR\",\"url\":\"https:\\\/\\\/saveoder.org\\\/pl\\\/\",\"logo\":{\"@type\":\"ImageObject\",\"inLanguage\":\"pl-PL\",\"@id\":\"https:\\\/\\\/saveoder.org\\\/pl\\\/#\\\/schema\\\/logo\\\/image\\\/\",\"url\":\"https:\\\/\\\/saveoder.org\\\/wp-content\\\/uploads\\\/2021\\\/08\\\/Czas-na-Odre_Logo_small_transparent.png\",\"contentUrl\":\"https:\\\/\\\/saveoder.org\\\/wp-content\\\/uploads\\\/2021\\\/08\\\/Czas-na-Odre_Logo_small_transparent.png\",\"width\":366,\"height\":366,\"caption\":\"DNR\"},\"image\":{\"@id\":\"https:\\\/\\\/saveoder.org\\\/pl\\\/#\\\/schema\\\/logo\\\/image\\\/\"}},{\"@type\":\"Person\",\"@id\":\"https:\\\/\\\/saveoder.org\\\/pl\\\/#\\\/schema\\\/person\\\/8ac29089c0e7c63c0bf50abd4ee60beb\",\"name\":\"Sascha Maier\",\"sameAs\":[\"http:\\\/\\\/www.bund.net\"]}]}<\/script>\n<!-- \/ Yoast SEO plugin. -->","yoast_head_json":{"title":"Powstrzymajmy now\u0105 katastrof\u0119 w Odrze - SaveOder","robots":{"index":"index","follow":"follow","max-snippet":"max-snippet:-1","max-image-preview":"max-image-preview:large","max-video-preview":"max-video-preview:-1"},"canonical":"https:\/\/saveoder.org\/pl\/powstrzymajmy-nowa-katastrofe-w-odrze\/","og_locale":"pl_PL","og_type":"article","og_title":"Powstrzymajmy now\u0105 katastrof\u0119 w Odrze - SaveOder","og_description":"Od katastrofy ekologicznej spowodowanej zatruciem Odry min\u0119\u0142o kilka miesi\u0119cy, niestety sytuacja na rzece nie uleg\u0142a znacz\u0105cej poprawie.","og_url":"https:\/\/saveoder.org\/pl\/powstrzymajmy-nowa-katastrofe-w-odrze\/","og_site_name":"SaveOder","article_published_time":"2023-02-09T20:32:04+00:00","article_modified_time":"2023-02-09T20:37:49+00:00","og_image":[{"width":1024,"height":585,"url":"https:\/\/saveoder.org\/wp-content\/uploads\/2023\/02\/Oder-Meeting-Wroclaw_3227x1844-1024x585.jpg","type":"image\/jpeg"}],"author":"Sascha Maier","twitter_card":"summary_large_image","twitter_misc":{"Napisane przez":"Sascha Maier","Szacowany czas czytania":"3 minuty"},"schema":{"@context":"https:\/\/schema.org","@graph":[{"@type":"Article","@id":"https:\/\/saveoder.org\/pl\/powstrzymajmy-nowa-katastrofe-w-odrze\/#article","isPartOf":{"@id":"https:\/\/saveoder.org\/pl\/powstrzymajmy-nowa-katastrofe-w-odrze\/"},"author":{"name":"Sascha Maier","@id":"https:\/\/saveoder.org\/pl\/#\/schema\/person\/8ac29089c0e7c63c0bf50abd4ee60beb"},"headline":"Powstrzymajmy now\u0105 katastrof\u0119 w Odrze","datePublished":"2023-02-09T20:32:04+00:00","dateModified":"2023-02-09T20:37:49+00:00","mainEntityOfPage":{"@id":"https:\/\/saveoder.org\/pl\/powstrzymajmy-nowa-katastrofe-w-odrze\/"},"wordCount":431,"publisher":{"@id":"https:\/\/saveoder.org\/pl\/#organization"},"image":{"@id":"https:\/\/saveoder.org\/pl\/powstrzymajmy-nowa-katastrofe-w-odrze\/#primaryimage"},"thumbnailUrl":"https:\/\/saveoder.org\/wp-content\/uploads\/2023\/02\/Oder-Meeting-Wroclaw_3227x1844.jpg","keywords":["Czas na Odr\u0119","EURENI","Ramowa Dyrektywa Wodna","spotkanie"],"articleSection":["Wsp\u00f3lna informacja prasowa"],"inLanguage":"pl-PL"},{"@type":"WebPage","@id":"https:\/\/saveoder.org\/pl\/powstrzymajmy-nowa-katastrofe-w-odrze\/","url":"https:\/\/saveoder.org\/pl\/powstrzymajmy-nowa-katastrofe-w-odrze\/","name":"Powstrzymajmy now\u0105 katastrof\u0119 w Odrze - SaveOder","isPartOf":{"@id":"https:\/\/saveoder.org\/pl\/#website"},"primaryImageOfPage":{"@id":"https:\/\/saveoder.org\/pl\/powstrzymajmy-nowa-katastrofe-w-odrze\/#primaryimage"},"image":{"@id":"https:\/\/saveoder.org\/pl\/powstrzymajmy-nowa-katastrofe-w-odrze\/#primaryimage"},"thumbnailUrl":"https:\/\/saveoder.org\/wp-content\/uploads\/2023\/02\/Oder-Meeting-Wroclaw_3227x1844.jpg","datePublished":"2023-02-09T20:32:04+00:00","dateModified":"2023-02-09T20:37:49+00:00","breadcrumb":{"@id":"https:\/\/saveoder.org\/pl\/powstrzymajmy-nowa-katastrofe-w-odrze\/#breadcrumb"},"inLanguage":"pl-PL","potentialAction":[{"@type":"ReadAction","target":["https:\/\/saveoder.org\/pl\/powstrzymajmy-nowa-katastrofe-w-odrze\/"]}]},{"@type":"ImageObject","inLanguage":"pl-PL","@id":"https:\/\/saveoder.org\/pl\/powstrzymajmy-nowa-katastrofe-w-odrze\/#primaryimage","url":"https:\/\/saveoder.org\/wp-content\/uploads\/2023\/02\/Oder-Meeting-Wroclaw_3227x1844.jpg","contentUrl":"https:\/\/saveoder.org\/wp-content\/uploads\/2023\/02\/Oder-Meeting-Wroclaw_3227x1844.jpg","width":3227,"height":1844,"caption":"Action of Coalition \"Time for the Oder\" in Wroclaw on Feb 8, 2023"},{"@type":"BreadcrumbList","@id":"https:\/\/saveoder.org\/pl\/powstrzymajmy-nowa-katastrofe-w-odrze\/#breadcrumb","itemListElement":[{"@type":"ListItem","position":1,"name":"Startseite","item":"https:\/\/saveoder.org\/pl\/"},{"@type":"ListItem","position":2,"name":"Powstrzymajmy now\u0105 katastrof\u0119 w Odrze"}]},{"@type":"WebSite","@id":"https:\/\/saveoder.org\/pl\/#website","url":"https:\/\/saveoder.org\/pl\/","name":"SaveOder","description":"","publisher":{"@id":"https:\/\/saveoder.org\/pl\/#organization"},"potentialAction":[{"@type":"SearchAction","target":{"@type":"EntryPoint","urlTemplate":"https:\/\/saveoder.org\/pl\/?s={search_term_string}"},"query-input":{"@type":"PropertyValueSpecification","valueRequired":true,"valueName":"search_term_string"}}],"inLanguage":"pl-PL"},{"@type":"Organization","@id":"https:\/\/saveoder.org\/pl\/#organization","name":"DNR","url":"https:\/\/saveoder.org\/pl\/","logo":{"@type":"ImageObject","inLanguage":"pl-PL","@id":"https:\/\/saveoder.org\/pl\/#\/schema\/logo\/image\/","url":"https:\/\/saveoder.org\/wp-content\/uploads\/2021\/08\/Czas-na-Odre_Logo_small_transparent.png","contentUrl":"https:\/\/saveoder.org\/wp-content\/uploads\/2021\/08\/Czas-na-Odre_Logo_small_transparent.png","width":366,"height":366,"caption":"DNR"},"image":{"@id":"https:\/\/saveoder.org\/pl\/#\/schema\/logo\/image\/"}},{"@type":"Person","@id":"https:\/\/saveoder.org\/pl\/#\/schema\/person\/8ac29089c0e7c63c0bf50abd4ee60beb","name":"Sascha Maier","sameAs":["http:\/\/www.bund.net"]}]}},"_links":{"self":[{"href":"https:\/\/saveoder.org\/pl\/wp-json\/wp\/v2\/posts\/2952","targetHints":{"allow":["GET"]}}],"collection":[{"href":"https:\/\/saveoder.org\/pl\/wp-json\/wp\/v2\/posts"}],"about":[{"href":"https:\/\/saveoder.org\/pl\/wp-json\/wp\/v2\/types\/post"}],"author":[{"embeddable":true,"href":"https:\/\/saveoder.org\/pl\/wp-json\/wp\/v2\/users\/2"}],"replies":[{"embeddable":true,"href":"https:\/\/saveoder.org\/pl\/wp-json\/wp\/v2\/comments?post=2952"}],"version-history":[{"count":2,"href":"https:\/\/saveoder.org\/pl\/wp-json\/wp\/v2\/posts\/2952\/revisions"}],"predecessor-version":[{"id":2955,"href":"https:\/\/saveoder.org\/pl\/wp-json\/wp\/v2\/posts\/2952\/revisions\/2955"}],"wp:featuredmedia":[{"embeddable":true,"href":"https:\/\/saveoder.org\/pl\/wp-json\/wp\/v2\/media\/2945"}],"wp:attachment":[{"href":"https:\/\/saveoder.org\/pl\/wp-json\/wp\/v2\/media?parent=2952"}],"wp:term":[{"taxonomy":"category","embeddable":true,"href":"https:\/\/saveoder.org\/pl\/wp-json\/wp\/v2\/categories?post=2952"},{"taxonomy":"post_tag","embeddable":true,"href":"https:\/\/saveoder.org\/pl\/wp-json\/wp\/v2\/tags?post=2952"}],"curies":[{"name":"wp","href":"https:\/\/api.w.org\/{rel}","templated":true}]}}