{"id":3128,"date":"2024-05-27T10:36:50","date_gmt":"2024-05-27T08:36:50","guid":{"rendered":"https:\/\/saveoder.org\/perspektywy-renaturyzacji-w-miedzynarodowym-dorzeczu-odry\/"},"modified":"2024-05-28T07:39:01","modified_gmt":"2024-05-28T05:39:01","slug":"perspektywy-renaturyzacji-w-miedzynarodowym-dorzeczu-odry","status":"publish","type":"post","link":"https:\/\/saveoder.org\/pl\/perspektywy-renaturyzacji-w-miedzynarodowym-dorzeczu-odry\/","title":{"rendered":"Perspektywy renaturyzacji w mi\u0119dzynarodowym dorzeczu Odry"},"content":{"rendered":"\n<p><strong>Specjalistyczna konferencja na temat Odry 28 maja 2024 r. we Wroc\u0142awiu \/ transmisja na \u017cywo i wycieczka 29 maja 2024 r.<\/strong><\/p>\n\n\n\n<figure class=\"wp-block-image size-large\"><img decoding=\"async\" width=\"930\" height=\"563\" src=\"https:\/\/saveoder.org\/wp-content\/uploads\/2024\/05\/Oder-Conference-2024_PL.jpg\" alt=\"\" class=\"wp-image-3122\" srcset=\"https:\/\/saveoder.org\/wp-content\/uploads\/2024\/05\/Oder-Conference-2024_PL.jpg 930w, https:\/\/saveoder.org\/wp-content\/uploads\/2024\/05\/Oder-Conference-2024_PL-300x182.jpg 300w, https:\/\/saveoder.org\/wp-content\/uploads\/2024\/05\/Oder-Conference-2024_PL-768x465.jpg 768w\" sizes=\"(max-width: 930px) 100vw, 930px\" \/><figcaption class=\"wp-element-caption\">Miedzynarodowa Konferencja Odra 2024<\/figcaption><\/figure>\n\n\n\n<p>Program i transmisja na \u017cywo<\/p>\n\n\n\n<p>Program <a href=\"https:\/\/saveoder.org\/wp-content\/uploads\/2024\/05\/Miedzynarodowa-Konferencja-Odra-2024.pdf\">jest dost\u0119pny tutaj<\/a>.<\/p>\n\n\n\n<p>Konferencja b\u0119dzie transmitowana na \u017cywo na <a href=\"https:\/\/odra.polkongres.live\/\">odra.polkongres.live<\/a> w 3 j\u0119zykach (CZ\/DE\/PL), transmisja 28.05.2024 &#8211; 09:30.\nNale\u017cy zarejestrowa\u0107 si\u0119 podaj\u0105c imi\u0119, nazwisko i adres e-mail.<\/p>\n\n\n\n    <div id=\"puretextblock-block_74c0049076b25270c52ba8dda3010a6a\" class=\"puretextblock_container\">\n      <div class=\"puretextblock_content\"><\/div>\n    <\/div>\n","protected":false},"excerpt":{"rendered":"<p>Specjalistyczna konferencja na temat Odry 28 maja 2024 r. we Wroc\u0142awiu \/ transmisja na \u017cywo <\/p>\n","protected":false},"author":2,"featured_media":3122,"comment_status":"closed","ping_status":"closed","sticky":false,"template":"","format":"standard","meta":{"_acf_changed":false,"neve_meta_sidebar":"","neve_meta_container":"","neve_meta_enable_content_width":"","neve_meta_content_width":0,"neve_meta_title_alignment":"","neve_meta_author_avatar":"","neve_post_elements_order":"","neve_meta_disable_header":"","neve_meta_disable_footer":"","neve_meta_disable_title":"","neve_meta_reading_time":"","footnotes":""},"categories":[38],"tags":[94,92,93],"class_list":["post-3128","post","type-post","status-publish","format-standard","has-post-thumbnail","hentry","category-news-posting-pl","tag-czas-na-odre","tag-ramowa-dyrektywa-wodna","tag-spotkanie"],"acf":[],"yoast_head":"<!-- This site is optimized with the Yoast SEO plugin v27.3 - https:\/\/yoast.com\/product\/yoast-seo-wordpress\/ -->\n<title>Perspektywy renaturyzacji w mi\u0119dzynarodowym dorzeczu Odry - SaveOder<\/title>\n<meta name=\"robots\" content=\"index, follow, max-snippet:-1, max-image-preview:large, max-video-preview:-1\" \/>\n<link rel=\"canonical\" href=\"https:\/\/saveoder.org\/pl\/perspektywy-renaturyzacji-w-miedzynarodowym-dorzeczu-odry\/\" \/>\n<meta property=\"og:locale\" content=\"pl_PL\" \/>\n<meta property=\"og:type\" content=\"article\" \/>\n<meta property=\"og:title\" content=\"Perspektywy renaturyzacji w mi\u0119dzynarodowym dorzeczu Odry - SaveOder\" \/>\n<meta property=\"og:description\" content=\"Specjalistyczna konferencja na temat Odry 28 maja 2024 r. we Wroc\u0142awiu \/ transmisja na \u017cywo\" \/>\n<meta property=\"og:url\" content=\"https:\/\/saveoder.org\/pl\/perspektywy-renaturyzacji-w-miedzynarodowym-dorzeczu-odry\/\" \/>\n<meta property=\"og:site_name\" content=\"SaveOder\" \/>\n<meta property=\"article:published_time\" content=\"2024-05-27T08:36:50+00:00\" \/>\n<meta property=\"article:modified_time\" content=\"2024-05-28T05:39:01+00:00\" \/>\n<meta property=\"og:image\" content=\"https:\/\/saveoder.org\/wp-content\/uploads\/2024\/05\/Oder-Conference-2024_PL.jpg\" \/>\n\t<meta property=\"og:image:width\" content=\"930\" \/>\n\t<meta property=\"og:image:height\" content=\"563\" \/>\n\t<meta property=\"og:image:type\" content=\"image\/jpeg\" \/>\n<meta name=\"author\" content=\"Sascha Maier\" \/>\n<meta name=\"twitter:card\" content=\"summary_large_image\" \/>\n<meta name=\"twitter:label1\" content=\"Napisane przez\" \/>\n\t<meta name=\"twitter:data1\" content=\"Sascha Maier\" \/>\n\t<meta name=\"twitter:label2\" content=\"Szacowany czas czytania\" \/>\n\t<meta name=\"twitter:data2\" content=\"1 minuta\" \/>\n<script type=\"application\/ld+json\" class=\"yoast-schema-graph\">{\"@context\":\"https:\\\/\\\/schema.org\",\"@graph\":[{\"@type\":\"Article\",\"@id\":\"https:\\\/\\\/saveoder.org\\\/pl\\\/perspektywy-renaturyzacji-w-miedzynarodowym-dorzeczu-odry\\\/#article\",\"isPartOf\":{\"@id\":\"https:\\\/\\\/saveoder.org\\\/pl\\\/perspektywy-renaturyzacji-w-miedzynarodowym-dorzeczu-odry\\\/\"},\"author\":{\"name\":\"Sascha Maier\",\"@id\":\"https:\\\/\\\/saveoder.org\\\/pl\\\/#\\\/schema\\\/person\\\/8ac29089c0e7c63c0bf50abd4ee60beb\"},\"headline\":\"Perspektywy renaturyzacji w mi\u0119dzynarodowym dorzeczu Odry\",\"datePublished\":\"2024-05-27T08:36:50+00:00\",\"dateModified\":\"2024-05-28T05:39:01+00:00\",\"mainEntityOfPage\":{\"@id\":\"https:\\\/\\\/saveoder.org\\\/pl\\\/perspektywy-renaturyzacji-w-miedzynarodowym-dorzeczu-odry\\\/\"},\"wordCount\":66,\"publisher\":{\"@id\":\"https:\\\/\\\/saveoder.org\\\/pl\\\/#organization\"},\"image\":{\"@id\":\"https:\\\/\\\/saveoder.org\\\/pl\\\/perspektywy-renaturyzacji-w-miedzynarodowym-dorzeczu-odry\\\/#primaryimage\"},\"thumbnailUrl\":\"https:\\\/\\\/saveoder.org\\\/wp-content\\\/uploads\\\/2024\\\/05\\\/Oder-Conference-2024_PL.jpg\",\"keywords\":[\"Czas na Odr\u0119\",\"Ramowa Dyrektywa Wodna\",\"spotkanie\"],\"articleSection\":[\"News Posting\"],\"inLanguage\":\"pl-PL\"},{\"@type\":\"WebPage\",\"@id\":\"https:\\\/\\\/saveoder.org\\\/pl\\\/perspektywy-renaturyzacji-w-miedzynarodowym-dorzeczu-odry\\\/\",\"url\":\"https:\\\/\\\/saveoder.org\\\/pl\\\/perspektywy-renaturyzacji-w-miedzynarodowym-dorzeczu-odry\\\/\",\"name\":\"Perspektywy renaturyzacji w mi\u0119dzynarodowym dorzeczu Odry - SaveOder\",\"isPartOf\":{\"@id\":\"https:\\\/\\\/saveoder.org\\\/pl\\\/#website\"},\"primaryImageOfPage\":{\"@id\":\"https:\\\/\\\/saveoder.org\\\/pl\\\/perspektywy-renaturyzacji-w-miedzynarodowym-dorzeczu-odry\\\/#primaryimage\"},\"image\":{\"@id\":\"https:\\\/\\\/saveoder.org\\\/pl\\\/perspektywy-renaturyzacji-w-miedzynarodowym-dorzeczu-odry\\\/#primaryimage\"},\"thumbnailUrl\":\"https:\\\/\\\/saveoder.org\\\/wp-content\\\/uploads\\\/2024\\\/05\\\/Oder-Conference-2024_PL.jpg\",\"datePublished\":\"2024-05-27T08:36:50+00:00\",\"dateModified\":\"2024-05-28T05:39:01+00:00\",\"breadcrumb\":{\"@id\":\"https:\\\/\\\/saveoder.org\\\/pl\\\/perspektywy-renaturyzacji-w-miedzynarodowym-dorzeczu-odry\\\/#breadcrumb\"},\"inLanguage\":\"pl-PL\",\"potentialAction\":[{\"@type\":\"ReadAction\",\"target\":[\"https:\\\/\\\/saveoder.org\\\/pl\\\/perspektywy-renaturyzacji-w-miedzynarodowym-dorzeczu-odry\\\/\"]}]},{\"@type\":\"ImageObject\",\"inLanguage\":\"pl-PL\",\"@id\":\"https:\\\/\\\/saveoder.org\\\/pl\\\/perspektywy-renaturyzacji-w-miedzynarodowym-dorzeczu-odry\\\/#primaryimage\",\"url\":\"https:\\\/\\\/saveoder.org\\\/wp-content\\\/uploads\\\/2024\\\/05\\\/Oder-Conference-2024_PL.jpg\",\"contentUrl\":\"https:\\\/\\\/saveoder.org\\\/wp-content\\\/uploads\\\/2024\\\/05\\\/Oder-Conference-2024_PL.jpg\",\"width\":930,\"height\":563,\"caption\":\"Miedzynarodowa Konferencja Odra 2024\"},{\"@type\":\"BreadcrumbList\",\"@id\":\"https:\\\/\\\/saveoder.org\\\/pl\\\/perspektywy-renaturyzacji-w-miedzynarodowym-dorzeczu-odry\\\/#breadcrumb\",\"itemListElement\":[{\"@type\":\"ListItem\",\"position\":1,\"name\":\"Startseite\",\"item\":\"https:\\\/\\\/saveoder.org\\\/pl\\\/\"},{\"@type\":\"ListItem\",\"position\":2,\"name\":\"Perspektywy renaturyzacji w mi\u0119dzynarodowym dorzeczu Odry\"}]},{\"@type\":\"WebSite\",\"@id\":\"https:\\\/\\\/saveoder.org\\\/pl\\\/#website\",\"url\":\"https:\\\/\\\/saveoder.org\\\/pl\\\/\",\"name\":\"SaveOder\",\"description\":\"\",\"publisher\":{\"@id\":\"https:\\\/\\\/saveoder.org\\\/pl\\\/#organization\"},\"potentialAction\":[{\"@type\":\"SearchAction\",\"target\":{\"@type\":\"EntryPoint\",\"urlTemplate\":\"https:\\\/\\\/saveoder.org\\\/pl\\\/?s={search_term_string}\"},\"query-input\":{\"@type\":\"PropertyValueSpecification\",\"valueRequired\":true,\"valueName\":\"search_term_string\"}}],\"inLanguage\":\"pl-PL\"},{\"@type\":\"Organization\",\"@id\":\"https:\\\/\\\/saveoder.org\\\/pl\\\/#organization\",\"name\":\"DNR\",\"url\":\"https:\\\/\\\/saveoder.org\\\/pl\\\/\",\"logo\":{\"@type\":\"ImageObject\",\"inLanguage\":\"pl-PL\",\"@id\":\"https:\\\/\\\/saveoder.org\\\/pl\\\/#\\\/schema\\\/logo\\\/image\\\/\",\"url\":\"https:\\\/\\\/saveoder.org\\\/wp-content\\\/uploads\\\/2021\\\/08\\\/Czas-na-Odre_Logo_small_transparent.png\",\"contentUrl\":\"https:\\\/\\\/saveoder.org\\\/wp-content\\\/uploads\\\/2021\\\/08\\\/Czas-na-Odre_Logo_small_transparent.png\",\"width\":366,\"height\":366,\"caption\":\"DNR\"},\"image\":{\"@id\":\"https:\\\/\\\/saveoder.org\\\/pl\\\/#\\\/schema\\\/logo\\\/image\\\/\"}},{\"@type\":\"Person\",\"@id\":\"https:\\\/\\\/saveoder.org\\\/pl\\\/#\\\/schema\\\/person\\\/8ac29089c0e7c63c0bf50abd4ee60beb\",\"name\":\"Sascha Maier\",\"sameAs\":[\"http:\\\/\\\/www.bund.net\"]}]}<\/script>\n<!-- \/ Yoast SEO plugin. -->","yoast_head_json":{"title":"Perspektywy renaturyzacji w mi\u0119dzynarodowym dorzeczu Odry - SaveOder","robots":{"index":"index","follow":"follow","max-snippet":"max-snippet:-1","max-image-preview":"max-image-preview:large","max-video-preview":"max-video-preview:-1"},"canonical":"https:\/\/saveoder.org\/pl\/perspektywy-renaturyzacji-w-miedzynarodowym-dorzeczu-odry\/","og_locale":"pl_PL","og_type":"article","og_title":"Perspektywy renaturyzacji w mi\u0119dzynarodowym dorzeczu Odry - SaveOder","og_description":"Specjalistyczna konferencja na temat Odry 28 maja 2024 r. we Wroc\u0142awiu \/ transmisja na \u017cywo","og_url":"https:\/\/saveoder.org\/pl\/perspektywy-renaturyzacji-w-miedzynarodowym-dorzeczu-odry\/","og_site_name":"SaveOder","article_published_time":"2024-05-27T08:36:50+00:00","article_modified_time":"2024-05-28T05:39:01+00:00","og_image":[{"width":930,"height":563,"url":"https:\/\/saveoder.org\/wp-content\/uploads\/2024\/05\/Oder-Conference-2024_PL.jpg","type":"image\/jpeg"}],"author":"Sascha Maier","twitter_card":"summary_large_image","twitter_misc":{"Napisane przez":"Sascha Maier","Szacowany czas czytania":"1 minuta"},"schema":{"@context":"https:\/\/schema.org","@graph":[{"@type":"Article","@id":"https:\/\/saveoder.org\/pl\/perspektywy-renaturyzacji-w-miedzynarodowym-dorzeczu-odry\/#article","isPartOf":{"@id":"https:\/\/saveoder.org\/pl\/perspektywy-renaturyzacji-w-miedzynarodowym-dorzeczu-odry\/"},"author":{"name":"Sascha Maier","@id":"https:\/\/saveoder.org\/pl\/#\/schema\/person\/8ac29089c0e7c63c0bf50abd4ee60beb"},"headline":"Perspektywy renaturyzacji w mi\u0119dzynarodowym dorzeczu Odry","datePublished":"2024-05-27T08:36:50+00:00","dateModified":"2024-05-28T05:39:01+00:00","mainEntityOfPage":{"@id":"https:\/\/saveoder.org\/pl\/perspektywy-renaturyzacji-w-miedzynarodowym-dorzeczu-odry\/"},"wordCount":66,"publisher":{"@id":"https:\/\/saveoder.org\/pl\/#organization"},"image":{"@id":"https:\/\/saveoder.org\/pl\/perspektywy-renaturyzacji-w-miedzynarodowym-dorzeczu-odry\/#primaryimage"},"thumbnailUrl":"https:\/\/saveoder.org\/wp-content\/uploads\/2024\/05\/Oder-Conference-2024_PL.jpg","keywords":["Czas na Odr\u0119","Ramowa Dyrektywa Wodna","spotkanie"],"articleSection":["News Posting"],"inLanguage":"pl-PL"},{"@type":"WebPage","@id":"https:\/\/saveoder.org\/pl\/perspektywy-renaturyzacji-w-miedzynarodowym-dorzeczu-odry\/","url":"https:\/\/saveoder.org\/pl\/perspektywy-renaturyzacji-w-miedzynarodowym-dorzeczu-odry\/","name":"Perspektywy renaturyzacji w mi\u0119dzynarodowym dorzeczu Odry - SaveOder","isPartOf":{"@id":"https:\/\/saveoder.org\/pl\/#website"},"primaryImageOfPage":{"@id":"https:\/\/saveoder.org\/pl\/perspektywy-renaturyzacji-w-miedzynarodowym-dorzeczu-odry\/#primaryimage"},"image":{"@id":"https:\/\/saveoder.org\/pl\/perspektywy-renaturyzacji-w-miedzynarodowym-dorzeczu-odry\/#primaryimage"},"thumbnailUrl":"https:\/\/saveoder.org\/wp-content\/uploads\/2024\/05\/Oder-Conference-2024_PL.jpg","datePublished":"2024-05-27T08:36:50+00:00","dateModified":"2024-05-28T05:39:01+00:00","breadcrumb":{"@id":"https:\/\/saveoder.org\/pl\/perspektywy-renaturyzacji-w-miedzynarodowym-dorzeczu-odry\/#breadcrumb"},"inLanguage":"pl-PL","potentialAction":[{"@type":"ReadAction","target":["https:\/\/saveoder.org\/pl\/perspektywy-renaturyzacji-w-miedzynarodowym-dorzeczu-odry\/"]}]},{"@type":"ImageObject","inLanguage":"pl-PL","@id":"https:\/\/saveoder.org\/pl\/perspektywy-renaturyzacji-w-miedzynarodowym-dorzeczu-odry\/#primaryimage","url":"https:\/\/saveoder.org\/wp-content\/uploads\/2024\/05\/Oder-Conference-2024_PL.jpg","contentUrl":"https:\/\/saveoder.org\/wp-content\/uploads\/2024\/05\/Oder-Conference-2024_PL.jpg","width":930,"height":563,"caption":"Miedzynarodowa Konferencja Odra 2024"},{"@type":"BreadcrumbList","@id":"https:\/\/saveoder.org\/pl\/perspektywy-renaturyzacji-w-miedzynarodowym-dorzeczu-odry\/#breadcrumb","itemListElement":[{"@type":"ListItem","position":1,"name":"Startseite","item":"https:\/\/saveoder.org\/pl\/"},{"@type":"ListItem","position":2,"name":"Perspektywy renaturyzacji w mi\u0119dzynarodowym dorzeczu Odry"}]},{"@type":"WebSite","@id":"https:\/\/saveoder.org\/pl\/#website","url":"https:\/\/saveoder.org\/pl\/","name":"SaveOder","description":"","publisher":{"@id":"https:\/\/saveoder.org\/pl\/#organization"},"potentialAction":[{"@type":"SearchAction","target":{"@type":"EntryPoint","urlTemplate":"https:\/\/saveoder.org\/pl\/?s={search_term_string}"},"query-input":{"@type":"PropertyValueSpecification","valueRequired":true,"valueName":"search_term_string"}}],"inLanguage":"pl-PL"},{"@type":"Organization","@id":"https:\/\/saveoder.org\/pl\/#organization","name":"DNR","url":"https:\/\/saveoder.org\/pl\/","logo":{"@type":"ImageObject","inLanguage":"pl-PL","@id":"https:\/\/saveoder.org\/pl\/#\/schema\/logo\/image\/","url":"https:\/\/saveoder.org\/wp-content\/uploads\/2021\/08\/Czas-na-Odre_Logo_small_transparent.png","contentUrl":"https:\/\/saveoder.org\/wp-content\/uploads\/2021\/08\/Czas-na-Odre_Logo_small_transparent.png","width":366,"height":366,"caption":"DNR"},"image":{"@id":"https:\/\/saveoder.org\/pl\/#\/schema\/logo\/image\/"}},{"@type":"Person","@id":"https:\/\/saveoder.org\/pl\/#\/schema\/person\/8ac29089c0e7c63c0bf50abd4ee60beb","name":"Sascha Maier","sameAs":["http:\/\/www.bund.net"]}]}},"_links":{"self":[{"href":"https:\/\/saveoder.org\/pl\/wp-json\/wp\/v2\/posts\/3128","targetHints":{"allow":["GET"]}}],"collection":[{"href":"https:\/\/saveoder.org\/pl\/wp-json\/wp\/v2\/posts"}],"about":[{"href":"https:\/\/saveoder.org\/pl\/wp-json\/wp\/v2\/types\/post"}],"author":[{"embeddable":true,"href":"https:\/\/saveoder.org\/pl\/wp-json\/wp\/v2\/users\/2"}],"replies":[{"embeddable":true,"href":"https:\/\/saveoder.org\/pl\/wp-json\/wp\/v2\/comments?post=3128"}],"version-history":[{"count":3,"href":"https:\/\/saveoder.org\/pl\/wp-json\/wp\/v2\/posts\/3128\/revisions"}],"predecessor-version":[{"id":3143,"href":"https:\/\/saveoder.org\/pl\/wp-json\/wp\/v2\/posts\/3128\/revisions\/3143"}],"wp:featuredmedia":[{"embeddable":true,"href":"https:\/\/saveoder.org\/pl\/wp-json\/wp\/v2\/media\/3122"}],"wp:attachment":[{"href":"https:\/\/saveoder.org\/pl\/wp-json\/wp\/v2\/media?parent=3128"}],"wp:term":[{"taxonomy":"category","embeddable":true,"href":"https:\/\/saveoder.org\/pl\/wp-json\/wp\/v2\/categories?post=3128"},{"taxonomy":"post_tag","embeddable":true,"href":"https:\/\/saveoder.org\/pl\/wp-json\/wp\/v2\/tags?post=3128"}],"curies":[{"name":"wp","href":"https:\/\/api.w.org\/{rel}","templated":true}]}}